{"id":11309,"date":"2025-03-17T09:05:35","date_gmt":"2025-03-17T12:05:35","guid":{"rendered":"https:\/\/frons.com.br\/blog\/?p=11309"},"modified":"2025-03-19T09:40:58","modified_gmt":"2025-03-19T12:40:58","slug":"mba-em-gestao-de-projetos-saiba-tudo-sobre-a-especializacao","status":"publish","type":"post","link":"https:\/\/frons.com.br\/blog\/carreira\/mba-em-gestao-de-projetos-saiba-tudo-sobre-a-especializacao\/","title":{"rendered":"MBA em Gest\u00e3o de Projetos: saiba tudo sobre a especializa\u00e7\u00e3o!"},"content":{"rendered":"\n<p>Em um mundo empresarial cada vez mais competitivo, a gest\u00e3o de projetos \u00e9 uma \u00e1rea vital para o sucesso das organiza\u00e7\u00f5es. Profissionais especializados nessa disciplina possuem as ferramentas necess\u00e1rias para liderar equipes, gerenciar recursos e entregar resultados excepcionais.<\/p>\n\n\n\n<p>O <a href=\"https:\/\/frons.com.br\/curso\/gestao-de-projetos\/\" target=\"_blank\" rel=\"noreferrer noopener\">MBA em Gest\u00e3o de Projetos<\/a> \u00e9 a forma\u00e7\u00e3o que proporciona conhecimentos estrat\u00e9gicos e pr\u00e1ticos que transformam carreiras e aumentam a empregabilidade. Neste artigo, voc\u00ea vai entender como essa especializa\u00e7\u00e3o pode alavancar seu futuro, al\u00e9m de explorar os diferenciais do MBA oferecido pela Frons. Saiba mais!<\/p>\n\n\n\n<div id=\"ez-toc-container\" class=\"ez-toc-v2_0_82_2 counter-hierarchy ez-toc-counter ez-toc-grey ez-toc-container-direction\">\n<div class=\"ez-toc-title-container\">\n<span class=\"ez-toc-title\" style=\"cursor:inherit\">\u00cdndice<\/span>\n<span class=\"ez-toc-title-toggle\"><a href=\"#\" class=\"ez-toc-pull-right ez-toc-btn ez-toc-btn-xs ez-toc-btn-default ez-toc-toggle\" aria-label=\"Alternar tabela de conte\u00fado\"><span class=\"ez-toc-js-icon-con\"><span class=\"\"><span class=\"eztoc-hide\" style=\"display:none;\">Toggle<\/span><span class=\"ez-toc-icon-toggle-span\"><svg style=\"fill: #999;color:#999\" xmlns=\"http:\/\/www.w3.org\/2000\/svg\" class=\"list-377408\" width=\"20px\" height=\"20px\" viewBox=\"0 0 24 24\" fill=\"none\"><path d=\"M6 6H4v2h2V6zm14 0H8v2h12V6zM4 11h2v2H4v-2zm16 0H8v2h12v-2zM4 16h2v2H4v-2zm16 0H8v2h12v-2z\" fill=\"currentColor\"><\/path><\/svg><svg style=\"fill: #999;color:#999\" class=\"arrow-unsorted-368013\" xmlns=\"http:\/\/www.w3.org\/2000\/svg\" width=\"10px\" height=\"10px\" viewBox=\"0 0 24 24\" version=\"1.2\" baseProfile=\"tiny\"><path d=\"M18.2 9.3l-6.2-6.3-6.2 6.3c-.2.2-.3.4-.3.7s.1.5.3.7c.2.2.4.3.7.3h11c.3 0 .5-.1.7-.3.2-.2.3-.5.3-.7s-.1-.5-.3-.7zM5.8 14.7l6.2 6.3 6.2-6.3c.2-.2.3-.5.3-.7s-.1-.5-.3-.7c-.2-.2-.4-.3-.7-.3h-11c-.3 0-.5.1-.7.3-.2.2-.3.5-.3.7s.1.5.3.7z\"\/><\/svg><\/span><\/span><\/span><\/a><\/span><\/div>\n<nav><ul class='ez-toc-list ez-toc-list-level-1 ' ><li class='ez-toc-page-1 ez-toc-heading-level-2'><a class=\"ez-toc-link ez-toc-heading-1\" href=\"#\" data-href=\"https:\/\/frons.com.br\/blog\/carreira\/mba-em-gestao-de-projetos-saiba-tudo-sobre-a-especializacao\/#O_que_e_um_profissional_em_gestao_de_projetos\" >O que \u00e9 um profissional em gest\u00e3o de projetos?<\/a><\/li><li class='ez-toc-page-1 ez-toc-heading-level-2'><a class=\"ez-toc-link ez-toc-heading-2\" href=\"#\" data-href=\"https:\/\/frons.com.br\/blog\/carreira\/mba-em-gestao-de-projetos-saiba-tudo-sobre-a-especializacao\/#Por_que_fazer_um_MBA_em_Gestao_de_Projetos\" >Por que fazer um MBA em Gest\u00e3o de Projetos?<\/a><ul class='ez-toc-list-level-3' ><li class='ez-toc-heading-level-3'><a class=\"ez-toc-link ez-toc-heading-3\" href=\"#\" data-href=\"https:\/\/frons.com.br\/blog\/carreira\/mba-em-gestao-de-projetos-saiba-tudo-sobre-a-especializacao\/#Valorizacao_no_mercado_de_trabalho\" >Valoriza\u00e7\u00e3o no mercado de trabalho<\/a><\/li><li class='ez-toc-page-1 ez-toc-heading-level-3'><a class=\"ez-toc-link ez-toc-heading-4\" href=\"#\" data-href=\"https:\/\/frons.com.br\/blog\/carreira\/mba-em-gestao-de-projetos-saiba-tudo-sobre-a-especializacao\/#Capacidade_de_gerenciar_projetos_complexos\" >Capacidade de gerenciar projetos complexos<\/a><\/li><li class='ez-toc-page-1 ez-toc-heading-level-3'><a class=\"ez-toc-link ez-toc-heading-5\" href=\"#\" data-href=\"https:\/\/frons.com.br\/blog\/carreira\/mba-em-gestao-de-projetos-saiba-tudo-sobre-a-especializacao\/#Melhoria_na_tomada_de_decisoes\" >Melhoria na tomada de decis\u00f5es<\/a><\/li><\/ul><\/li><li class='ez-toc-page-1 ez-toc-heading-level-2'><a class=\"ez-toc-link ez-toc-heading-6\" href=\"#\" data-href=\"https:\/\/frons.com.br\/blog\/carreira\/mba-em-gestao-de-projetos-saiba-tudo-sobre-a-especializacao\/#O_que_esperar_do_MBA_em_Gestao_de_Projetos_da_Frons\" >O que esperar do MBA em Gest\u00e3o de Projetos da Frons?<\/a><\/li><li class='ez-toc-page-1 ez-toc-heading-level-2'><a class=\"ez-toc-link ez-toc-heading-7\" href=\"#\" data-href=\"https:\/\/frons.com.br\/blog\/carreira\/mba-em-gestao-de-projetos-saiba-tudo-sobre-a-especializacao\/#Beneficios_de_aplicar_a_metodologia_agil_na_gestao_de_projetos\" >Benef\u00edcios de aplicar a metodologia \u00e1gil na gest\u00e3o de projetos<\/a><ul class='ez-toc-list-level-3' ><li class='ez-toc-heading-level-3'><a class=\"ez-toc-link ez-toc-heading-8\" href=\"#\" data-href=\"https:\/\/frons.com.br\/blog\/carreira\/mba-em-gestao-de-projetos-saiba-tudo-sobre-a-especializacao\/#Maior_flexibilidade_e_adaptacao_a_mudancas\" >Maior flexibilidade e adapta\u00e7\u00e3o a mudan\u00e7as<\/a><\/li><li class='ez-toc-page-1 ez-toc-heading-level-3'><a class=\"ez-toc-link ez-toc-heading-9\" href=\"#\" data-href=\"https:\/\/frons.com.br\/blog\/carreira\/mba-em-gestao-de-projetos-saiba-tudo-sobre-a-especializacao\/#Entregas_incrementais_e_resultados_rapidos\" >Entregas incrementais e resultados r\u00e1pidos<\/a><\/li><\/ul><\/li><li class='ez-toc-page-1 ez-toc-heading-level-2'><a class=\"ez-toc-link ez-toc-heading-10\" href=\"#\" data-href=\"https:\/\/frons.com.br\/blog\/carreira\/mba-em-gestao-de-projetos-saiba-tudo-sobre-a-especializacao\/#Colaboracao_e_comunicacao_aprimoradas\" >Colabora\u00e7\u00e3o e comunica\u00e7\u00e3o aprimoradas<\/a><\/li><li class='ez-toc-page-1 ez-toc-heading-level-2'><a class=\"ez-toc-link ez-toc-heading-11\" href=\"#\" data-href=\"https:\/\/frons.com.br\/blog\/carreira\/mba-em-gestao-de-projetos-saiba-tudo-sobre-a-especializacao\/#Como_um_MBA_em_Gestao_de_Projetos_pode_transformar_sua_carreira\" >Como um MBA em Gest\u00e3o de Projetos pode transformar sua carreira<\/a><\/li><\/ul><\/nav><\/div>\n<h2 class=\"wp-block-heading\"><span class=\"ez-toc-section\" id=\"O_que_e_um_profissional_em_gestao_de_projetos\"><\/span>O que \u00e9 um profissional em gest\u00e3o de projetos?<span class=\"ez-toc-section-end\"><\/span><\/h2>\n\n\n\n<p>O gestor de projetos \u00e9 respons\u00e1vel por alinhar objetivos estrat\u00e9gicos, garantir a aloca\u00e7\u00e3o eficiente de recursos e liderar equipes multidisciplinares rumo \u00e0 excel\u00eancia.<\/p>\n\n\n\n<figure class=\"wp-block-image size-full\"><img decoding=\"async\" width=\"770\" height=\"432\" src=\"https:\/\/frons.com.br\/blog\/wp-content\/uploads\/2025\/03\/757_o-que-faz-um-profissional-em_gestao-de-projetos.jpg\" alt=\"O que \u00e9 um profissional em Gest\u00e3o de Projetos?\" class=\"wp-image-11311\" title=\"o que faz um profissional em gestao de projetos\" srcset=\"https:\/\/frons.com.br\/blog\/wp-content\/uploads\/2025\/03\/757_o-que-faz-um-profissional-em_gestao-de-projetos.jpg 770w, https:\/\/frons.com.br\/blog\/wp-content\/uploads\/2025\/03\/757_o-que-faz-um-profissional-em_gestao-de-projetos-300x168.jpg 300w, https:\/\/frons.com.br\/blog\/wp-content\/uploads\/2025\/03\/757_o-que-faz-um-profissional-em_gestao-de-projetos-768x431.jpg 768w, https:\/\/frons.com.br\/blog\/wp-content\/uploads\/2025\/03\/757_o-que-faz-um-profissional-em_gestao-de-projetos-150x84.jpg 150w\" sizes=\"(max-width: 770px) 100vw, 770px\" \/><\/figure>\n\n\n\n<p>Esses profissionais precisam de uma vis\u00e3o ampla do neg\u00f3cio, al\u00e9m de habilidades t\u00e9cnicas como planejamento, an\u00e1lise de riscos e controle de qualidade. Eles tamb\u00e9m devem ter <a href=\"https:\/\/frons.com.br\/blog\/carreira\/treinamentos-de-lideranca\/\" target=\"_blank\" rel=\"noreferrer noopener\">treinamentos de lideran\u00e7a<\/a> frequentes para serem capazes de motivar times em cen\u00e1rios desafiadores.<\/p>\n\n\n\n<h2 class=\"wp-block-heading\"><span class=\"ez-toc-section\" id=\"Por_que_fazer_um_MBA_em_Gestao_de_Projetos\"><\/span>Por que fazer um MBA em Gest\u00e3o de Projetos?<span class=\"ez-toc-section-end\"><\/span><\/h2>\n\n\n\n<p>Um MBA em Gest\u00e3o de Projetos \u00e9 um divisor de \u00e1guas para quem busca lideran\u00e7a e destaque profissional. Mais do que um curso, ele oferece ferramentas pr\u00e1ticas e estrat\u00e9gicas que elevam a performance no mercado. Entre os principais motivos para investir na especializa\u00e7\u00e3o, destacam-se:<\/p>\n\n\n\n<h3 class=\"wp-block-heading\"><span class=\"ez-toc-section\" id=\"Valorizacao_no_mercado_de_trabalho\"><\/span>Valoriza\u00e7\u00e3o no mercado de trabalho<span class=\"ez-toc-section-end\"><\/span><\/h3>\n\n\n\n<p>Empresas de todos os setores buscam profissionais capacitados para gerenciar projetos estrat\u00e9gicos. Com um <a href=\"https:\/\/frons.com.br\/blog\/carreira\/o-que-e-mba-guia\/\" target=\"_blank\" rel=\"noreferrer noopener\">MBA<\/a> no curr\u00edculo, o reconhecimento como especialista \u00e9 imediato, abrindo portas para cargos de lideran\u00e7a e melhores sal\u00e1rios.<\/p>\n\n\n\n<p>Al\u00e9m disso, o t\u00edtulo de MBA demonstra comprometimento com o aprendizado cont\u00ednuo, uma caracter\u00edstica muito valorizada por empregadores.<\/p>\n\n\n\n<h3 class=\"wp-block-heading\"><span class=\"ez-toc-section\" id=\"Capacidade_de_gerenciar_projetos_complexos\"><\/span>Capacidade de gerenciar projetos complexos<span class=\"ez-toc-section-end\"><\/span><\/h3>\n\n\n\n<p>Projetos de grande porte exigem <strong>habilidades espec\u00edficas que v\u00e3o al\u00e9m do b\u00e1sico<\/strong>. Um MBA em Gest\u00e3o de Projetos prepara os alunos para lidar com desafios complexos, como o gerenciamento de equipes globais, integra\u00e7\u00e3o de tecnologias e gest\u00e3o de mudan\u00e7as organizacionais.<\/p>\n\n\n\n<p>Essa forma\u00e7\u00e3o oferece uma vis\u00e3o hol\u00edstica do processo, permitindo que os gestores tomem decis\u00f5es informadas e estrat\u00e9gicas.<\/p>\n\n\n\n<h3 class=\"wp-block-heading\"><span class=\"ez-toc-section\" id=\"Melhoria_na_tomada_de_decisoes\"><\/span>Melhoria na tomada de decis\u00f5es<span class=\"ez-toc-section-end\"><\/span><\/h3>\n\n\n\n<p>A gest\u00e3o de projetos envolve escolhas cr\u00edticas que podem impactar diretamente o sucesso de uma organiza\u00e7\u00e3o. Um MBA fornece as ferramentas necess\u00e1rias para analisar cen\u00e1rios, prever riscos e implementar solu\u00e7\u00f5es eficazes.<\/p>\n\n\n\n<p>Os alunos aprendem a tomar decis\u00f5es baseadas em dados, alinhando os objetivos do projeto \u00e0s metas estrat\u00e9gicas da empresa. Essa habilidade \u00e9 fundamental para conquistar resultados de alto impacto.<\/p>\n\n\n\n<blockquote class=\"wp-block-quote is-layout-flow wp-block-quote-is-layout-flow\">\n<p>N\u00e3o deixe de conferir: <a href=\"https:\/\/frons.com.br\/blog\/carreira\/como-escolher-um-mba\/\" target=\"_blank\" rel=\"noreferrer noopener\">Como escolher um MBA \u2014 7 passos para uma decis\u00e3o inteligente<\/a>.<\/p>\n\n\n\n<figure class=\"wp-block-image size-full\"><img decoding=\"async\" width=\"770\" height=\"432\" src=\"https:\/\/frons.com.br\/blog\/wp-content\/uploads\/2025\/03\/por-que-fazer-um-mba-em-gestao-de-projetos.jpg\" alt=\"Por que fazer um MBA em\u00a0Gest\u00e3o de Projetos?\" class=\"wp-image-11312\" title=\"por que fazer um mba em gestao de projetos\" srcset=\"https:\/\/frons.com.br\/blog\/wp-content\/uploads\/2025\/03\/por-que-fazer-um-mba-em-gestao-de-projetos.jpg 770w, https:\/\/frons.com.br\/blog\/wp-content\/uploads\/2025\/03\/por-que-fazer-um-mba-em-gestao-de-projetos-300x168.jpg 300w, https:\/\/frons.com.br\/blog\/wp-content\/uploads\/2025\/03\/por-que-fazer-um-mba-em-gestao-de-projetos-768x431.jpg 768w, https:\/\/frons.com.br\/blog\/wp-content\/uploads\/2025\/03\/por-que-fazer-um-mba-em-gestao-de-projetos-150x84.jpg 150w\" sizes=\"(max-width: 770px) 100vw, 770px\" \/><\/figure>\n<\/blockquote>\n\n\n\n<h2 class=\"wp-block-heading\"><span class=\"ez-toc-section\" id=\"O_que_esperar_do_MBA_em_Gestao_de_Projetos_da_Frons\"><\/span>O que esperar do MBA em Gest\u00e3o de Projetos da Frons?<span class=\"ez-toc-section-end\"><\/span><\/h2>\n\n\n\n<p>O MBA em Gest\u00e3o de Projetos da Frons oferece uma experi\u00eancia \u00fanica e transformadora, sendo ideal para profissionais que buscam se destacar. Com um curr\u00edculo que mescla inova\u00e7\u00e3o e flexibilidade, o curso adota uma abordagem pr\u00e1tica, capacitando os alunos para enfrentar os desafios do mercado de forma eficaz.<\/p>\n\n\n\n<p>Com uma grade curricular moderna, o programa aborda metodologias como <strong>PMBOK, Scrum e Lean<\/strong>, al\u00e9m de integrar ferramentas digitais avan\u00e7adas que otimizam a gest\u00e3o de projetos.<\/p>\n\n\n\n<p>O corpo docente da Frons \u00e9 composto por especialistas reconhecidos no mercado, garantindo que os alunos tenham acesso a insights atualizados e pr\u00e1ticos. Workshops, estudos de caso e mentorias personalizadas completam a experi\u00eancia, permitindo que os estudantes apliquem imediatamente o que aprendem.<\/p>\n\n\n\n<h2 class=\"wp-block-heading\"><span class=\"ez-toc-section\" id=\"Beneficios_de_aplicar_a_metodologia_agil_na_gestao_de_projetos\"><\/span>Benef\u00edcios de aplicar a metodologia \u00e1gil na gest\u00e3o de projetos<span class=\"ez-toc-section-end\"><\/span><\/h2>\n\n\n\n<p>A metodologia \u00e1gil \u00e9 uma abordagem revolucion\u00e1ria na gest\u00e3o de projetos, oferecendo vantagens claras para equipes e organiza\u00e7\u00f5es. Confira os principais benef\u00edcios:<\/p>\n\n\n\n<h3 class=\"wp-block-heading\"><span class=\"ez-toc-section\" id=\"Maior_flexibilidade_e_adaptacao_a_mudancas\"><\/span>Maior flexibilidade e adapta\u00e7\u00e3o a mudan\u00e7as<span class=\"ez-toc-section-end\"><\/span><\/h3>\n\n\n\n<p>Em ambientes de constante transforma\u00e7\u00e3o, a metodologia \u00e1gil permite que equipes ajustem rapidamente suas prioridades sem comprometer o progresso. Isso \u00e9 poss\u00edvel gra\u00e7as a ciclos curtos de entrega, conhecidos como sprints, que possibilitam altera\u00e7\u00f5es no planejamento com base em feedbacks cont\u00ednuos.<\/p>\n\n\n\n<p>Esse dinamismo ajuda a minimizar riscos e a manter os projetos alinhados \u00e0s demandas do mercado e dos stakeholders.<\/p>\n\n\n\n<blockquote class=\"wp-block-quote is-layout-flow wp-block-quote-is-layout-flow\">\n<p>Leia tamb\u00e9m: <a href=\"https:\/\/frons.com.br\/blog\/carreira\/melhor-mba-para-gerentes-guia-para-potencializar-sua-lideranca\/\" target=\"_blank\" rel=\"noreferrer noopener\">Melhor MBA para gerentes \u2014 guia para potencializar sua lideran\u00e7a<\/a>.<\/p>\n<\/blockquote>\n\n\n\n<h3 class=\"wp-block-heading\"><span class=\"ez-toc-section\" id=\"Entregas_incrementais_e_resultados_rapidos\"><\/span>Entregas incrementais e resultados r\u00e1pidos<span class=\"ez-toc-section-end\"><\/span><\/h3>\n\n\n\n<p>Ao dividir o projeto em etapas menores, a metodologia \u00e1gil <strong>garante entregas cont\u00ednuas de valor<\/strong>. Isso permite que os clientes e stakeholders visualizem os resultados desde as primeiras fases, aumentando a confian\u00e7a e o engajamento.<\/p>\n\n\n\n<p>Al\u00e9m disso, essa abordagem reduz o tempo necess\u00e1rio para identificar e corrigir problemas, otimizando os recursos e os resultados finais.<\/p>\n\n\n\n<h2 class=\"wp-block-heading\"><span class=\"ez-toc-section\" id=\"Colaboracao_e_comunicacao_aprimoradas\"><\/span>Colabora\u00e7\u00e3o e comunica\u00e7\u00e3o aprimoradas<span class=\"ez-toc-section-end\"><\/span><\/h2>\n\n\n\n<p>O Agile promove uma comunica\u00e7\u00e3o constante entre as equipes, facilitando o alinhamento de expectativas e a resolu\u00e7\u00e3o de problemas em tempo real. As reuni\u00f5es di\u00e1rias, conhecidas como daily stand-ups, garantem que todos os membros estejam na mesma p\u00e1gina.<\/p>\n\n\n\n<p>Essa intera\u00e7\u00e3o frequente melhora o relacionamento entre os participantes e aumenta a efici\u00eancia no cumprimento das metas do projeto.<\/p>\n\n\n\n<figure class=\"wp-block-image size-full\"><img decoding=\"async\" width=\"770\" height=\"432\" src=\"https:\/\/frons.com.br\/blog\/wp-content\/uploads\/2025\/03\/879_beneficios-metodologia-agil.jpg\" alt=\"Benef\u00edcios Metodologia \u00e1gil na Gest\u00e3o de Projetos\" class=\"wp-image-11313\" title=\"beneficios metodologia agil\" srcset=\"https:\/\/frons.com.br\/blog\/wp-content\/uploads\/2025\/03\/879_beneficios-metodologia-agil.jpg 770w, https:\/\/frons.com.br\/blog\/wp-content\/uploads\/2025\/03\/879_beneficios-metodologia-agil-300x168.jpg 300w, https:\/\/frons.com.br\/blog\/wp-content\/uploads\/2025\/03\/879_beneficios-metodologia-agil-768x431.jpg 768w, https:\/\/frons.com.br\/blog\/wp-content\/uploads\/2025\/03\/879_beneficios-metodologia-agil-150x84.jpg 150w\" sizes=\"(max-width: 770px) 100vw, 770px\" \/><\/figure>\n\n\n\n<h2 class=\"wp-block-heading\"><span class=\"ez-toc-section\" id=\"Como_um_MBA_em_Gestao_de_Projetos_pode_transformar_sua_carreira\"><\/span>Como um MBA em Gest\u00e3o de Projetos pode transformar sua carreira<span class=\"ez-toc-section-end\"><\/span><\/h2>\n\n\n\n<p>Investir em um MBA em Gest\u00e3o de Projetos \u00e9 mais do que um passo estrat\u00e9gico \u2014 \u00e9 uma transforma\u00e7\u00e3o de carreira.<\/p>\n\n\n\n<p>Essa especializa\u00e7\u00e3o n\u00e3o s\u00f3 aumenta a empregabilidade, mas tamb\u00e9m prepara os alunos para assumirem <strong>pap\u00e9is de lideran\u00e7a em empresas globais<\/strong>. O networking constru\u00eddo durante o MBA \u00e9 outro diferencial, conectando profissionais a uma rede poderosa de contatos no mercado.<\/p>\n\n\n\n<hr class=\"wp-block-separator has-alpha-channel-opacity\"\/>\n\n\n\n<p>Voc\u00ea aprendeu o que \u00e9 o MBA em Gest\u00e3o de Projetos e como o curso pode ser um grande divisor de \u00e1guas na sua carreira. Continue navegando no blog da Frons e descubra muitos outros conte\u00fados que podem ser do seu interesse. N\u00e3o perca a oportunidade e descubra <a href=\"https:\/\/frons.com.br\/blog\/carreira\/mba-frons\/\" target=\"_blank\" rel=\"noreferrer noopener\">4 raz\u00f5es para come\u00e7ar um MBA na Frons<\/a>. Confira agora mesmo!<\/p>\n\n\n\n<figure class=\"wp-block-image size-large\"><a href=\"https:\/\/frons.com.br\/formacoes\/\"><img decoding=\"async\" width=\"1024\" height=\"292\" src=\"https:\/\/frons.com.br\/blog\/wp-content\/uploads\/2025\/03\/mba-de-verdade-mulher-estudando-1024x292.jpg\" alt=\"Mulher estudando para MBA em ambiente moderno\" class=\"wp-image-11293\" srcset=\"https:\/\/frons.com.br\/blog\/wp-content\/uploads\/2025\/03\/mba-de-verdade-mulher-estudando-1024x292.jpg 1024w, https:\/\/frons.com.br\/blog\/wp-content\/uploads\/2025\/03\/mba-de-verdade-mulher-estudando-300x86.jpg 300w, https:\/\/frons.com.br\/blog\/wp-content\/uploads\/2025\/03\/mba-de-verdade-mulher-estudando-768x219.jpg 768w, https:\/\/frons.com.br\/blog\/wp-content\/uploads\/2025\/03\/mba-de-verdade-mulher-estudando-1536x438.jpg 1536w, https:\/\/frons.com.br\/blog\/wp-content\/uploads\/2025\/03\/mba-de-verdade-mulher-estudando-150x43.jpg 150w, https:\/\/frons.com.br\/blog\/wp-content\/uploads\/2025\/03\/mba-de-verdade-mulher-estudando.jpg 1629w\" sizes=\"(max-width: 1024px) 100vw, 1024px\" \/><\/a><\/figure>\n\n\n<div class=\"kk-star-ratings kksr-auto kksr-align-left kksr-valign-bottom\"\n    data-payload='{&quot;align&quot;:&quot;left&quot;,&quot;id&quot;:&quot;11309&quot;,&quot;slug&quot;:&quot;default&quot;,&quot;valign&quot;:&quot;bottom&quot;,&quot;ignore&quot;:&quot;&quot;,&quot;reference&quot;:&quot;auto&quot;,&quot;class&quot;:&quot;&quot;,&quot;count&quot;:&quot;3&quot;,&quot;legendonly&quot;:&quot;&quot;,&quot;readonly&quot;:&quot;&quot;,&quot;score&quot;:&quot;5&quot;,&quot;starsonly&quot;:&quot;&quot;,&quot;best&quot;:&quot;5&quot;,&quot;gap&quot;:&quot;5&quot;,&quot;greet&quot;:&quot;Avalie esse post&quot;,&quot;legend&quot;:&quot;5\\\/5 - (3 votos)&quot;,&quot;size&quot;:&quot;24&quot;,&quot;title&quot;:&quot;MBA em Gest\u00e3o de Projetos: saiba tudo sobre a especializa\u00e7\u00e3o!&quot;,&quot;width&quot;:&quot;142.5&quot;,&quot;_legend&quot;:&quot;{score}\\\/{best} - ({count} {votes})&quot;,&quot;font_factor&quot;:&quot;1.25&quot;}'>\n            \n<div class=\"kksr-stars\">\n    \n<div class=\"kksr-stars-inactive\">\n            <div class=\"kksr-star\" data-star=\"1\" style=\"padding-right: 5px\">\n            \n\n<div class=\"kksr-icon\" style=\"width: 24px; height: 24px;\"><\/div>\n        <\/div>\n            <div class=\"kksr-star\" data-star=\"2\" style=\"padding-right: 5px\">\n            \n\n<div class=\"kksr-icon\" style=\"width: 24px; height: 24px;\"><\/div>\n        <\/div>\n            <div class=\"kksr-star\" data-star=\"3\" style=\"padding-right: 5px\">\n            \n\n<div class=\"kksr-icon\" style=\"width: 24px; height: 24px;\"><\/div>\n        <\/div>\n            <div class=\"kksr-star\" data-star=\"4\" style=\"padding-right: 5px\">\n            \n\n<div class=\"kksr-icon\" style=\"width: 24px; height: 24px;\"><\/div>\n        <\/div>\n            <div class=\"kksr-star\" data-star=\"5\" style=\"padding-right: 5px\">\n            \n\n<div class=\"kksr-icon\" style=\"width: 24px; height: 24px;\"><\/div>\n        <\/div>\n    <\/div>\n    \n<div class=\"kksr-stars-active\" style=\"width: 142.5px;\">\n            <div class=\"kksr-star\" style=\"padding-right: 5px\">\n            \n\n<div class=\"kksr-icon\" style=\"width: 24px; height: 24px;\"><\/div>\n        <\/div>\n            <div class=\"kksr-star\" style=\"padding-right: 5px\">\n            \n\n<div class=\"kksr-icon\" style=\"width: 24px; height: 24px;\"><\/div>\n        <\/div>\n            <div class=\"kksr-star\" style=\"padding-right: 5px\">\n            \n\n<div class=\"kksr-icon\" style=\"width: 24px; height: 24px;\"><\/div>\n        <\/div>\n            <div class=\"kksr-star\" style=\"padding-right: 5px\">\n            \n\n<div class=\"kksr-icon\" style=\"width: 24px; height: 24px;\"><\/div>\n        <\/div>\n            <div class=\"kksr-star\" style=\"padding-right: 5px\">\n            \n\n<div class=\"kksr-icon\" style=\"width: 24px; height: 24px;\"><\/div>\n        <\/div>\n    <\/div>\n<\/div>\n                \n\n<div class=\"kksr-legend\" style=\"font-size: 19.2px;\">\n            5\/5 - (3 votos)    <\/div>\n    <\/div>\n","protected":false},"excerpt":{"rendered":"<p>Em um mundo empresarial cada vez mais competitivo, a gest\u00e3o de projetos \u00e9 uma \u00e1rea vital para o sucesso das organiza\u00e7\u00f5es. Profissionais especializados nessa disciplina possuem as ferramentas necess\u00e1rias para liderar equipes, gerenciar recursos e entregar resultados excepcionais. O MBA em Gest\u00e3o de Projetos \u00e9 a forma\u00e7\u00e3o que proporciona conhecimentos estrat\u00e9gicos e pr\u00e1ticos que transformam<\/p>\n","protected":false},"author":19,"featured_media":11310,"comment_status":"open","ping_status":"open","sticky":false,"template":"","format":"standard","meta":{"_acf_changed":false,"inline_featured_image":false,"footnotes":""},"categories":[1],"tags":[],"class_list":{"0":"post-11309","1":"post","2":"type-post","3":"status-publish","4":"format-standard","5":"has-post-thumbnail","7":"category-carreira"},"acf":[],"ls_data":{"_yoast_wpseo_title":"","_yoast_wpseo_metadesc":"","_yoast_wpseo_meta-robots-noindex":"","_yoast_wpseo_meta-robots-nofollow":"","_aioseo_title":"","_aioseo_description":"","rank_math_title":"MBA em Gest\u00e3o de Projetos: torne-se um l\u00edder capacitado!","rank_math_description":"Descubra tudo sobre o MBA em Gest\u00e3o de Projetos: benef\u00edcios, habilidades adquiridas e como transformar sua carreira com essa especializa\u00e7\u00e3o. Veja!"},"_links":{"self":[{"href":"https:\/\/frons.com.br\/blog\/wp-json\/wp\/v2\/posts\/11309","targetHints":{"allow":["GET"]}}],"collection":[{"href":"https:\/\/frons.com.br\/blog\/wp-json\/wp\/v2\/posts"}],"about":[{"href":"https:\/\/frons.com.br\/blog\/wp-json\/wp\/v2\/types\/post"}],"author":[{"embeddable":true,"href":"https:\/\/frons.com.br\/blog\/wp-json\/wp\/v2\/users\/19"}],"replies":[{"embeddable":true,"href":"https:\/\/frons.com.br\/blog\/wp-json\/wp\/v2\/comments?post=11309"}],"version-history":[{"count":1,"href":"https:\/\/frons.com.br\/blog\/wp-json\/wp\/v2\/posts\/11309\/revisions"}],"predecessor-version":[{"id":11314,"href":"https:\/\/frons.com.br\/blog\/wp-json\/wp\/v2\/posts\/11309\/revisions\/11314"}],"wp:featuredmedia":[{"embeddable":true,"href":"https:\/\/frons.com.br\/blog\/wp-json\/wp\/v2\/media\/11310"}],"wp:attachment":[{"href":"https:\/\/frons.com.br\/blog\/wp-json\/wp\/v2\/media?parent=11309"}],"wp:term":[{"taxonomy":"category","embeddable":true,"href":"https:\/\/frons.com.br\/blog\/wp-json\/wp\/v2\/categories?post=11309"},{"taxonomy":"post_tag","embeddable":true,"href":"https:\/\/frons.com.br\/blog\/wp-json\/wp\/v2\/tags?post=11309"}],"curies":[{"name":"wp","href":"https:\/\/api.w.org\/{rel}","templated":true}]}}