{"id":11410,"date":"2025-04-15T11:35:12","date_gmt":"2025-04-15T14:35:12","guid":{"rendered":"https:\/\/frons.com.br\/blog\/?p=11410"},"modified":"2025-04-16T11:39:14","modified_gmt":"2025-04-16T14:39:14","slug":"educacao-emocional","status":"publish","type":"post","link":"https:\/\/frons.com.br\/blog\/carreira\/educacao-emocional\/","title":{"rendered":"Educa\u00e7\u00e3o emocional: o que \u00e9, por que \u00e9 importante e como desenvolv\u00ea-la"},"content":{"rendered":"\n<p>A preocupa\u00e7\u00e3o com a sa\u00fade mental, bem-estar e qualidade das rela\u00e7\u00f5es nunca esteve t\u00e3o em alta \u2014 tanto em ambientes educacionais quanto em corporativos. Em meio a esse cen\u00e1rio, a educa\u00e7\u00e3o emocional tem ganhado destaque como uma resposta essencial para o <a target=\"_blank\" href=\"https:\/\/frons.com.br\/blog\/carreira\/treinamentos-de-lideranca\/\" rel=\"noreferrer noopener\">desenvolvimento de l\u00edderes<\/a> e de pessoas mais equilibradas, emp\u00e1ticas e conscientes.<\/p>\n\n\n\n<p>Mais do que uma habilidade extra, ela \u00e9 um processo cont\u00ednuo que influencia diretamente como nos relacionamos, tomamos decis\u00f5es e lidamos com os desafios do dia a dia. Neste conte\u00fado, voc\u00ea vai entender o que \u00e9 educa\u00e7\u00e3o emocional, como ela se diferencia da intelig\u00eancia emocional e de que forma pode ser aplicada em todas as fases da vida. Saiba mais!<\/p>\n\n\n\n<div id=\"ez-toc-container\" class=\"ez-toc-v2_0_82_2 counter-hierarchy ez-toc-counter ez-toc-grey ez-toc-container-direction\">\n<div class=\"ez-toc-title-container\">\n<span class=\"ez-toc-title\" style=\"cursor:inherit\">\u00cdndice<\/span>\n<span class=\"ez-toc-title-toggle\"><a href=\"#\" class=\"ez-toc-pull-right ez-toc-btn ez-toc-btn-xs ez-toc-btn-default ez-toc-toggle\" aria-label=\"Alternar tabela de conte\u00fado\"><span class=\"ez-toc-js-icon-con\"><span class=\"\"><span class=\"eztoc-hide\" style=\"display:none;\">Toggle<\/span><span class=\"ez-toc-icon-toggle-span\"><svg style=\"fill: #999;color:#999\" xmlns=\"http:\/\/www.w3.org\/2000\/svg\" class=\"list-377408\" width=\"20px\" height=\"20px\" viewBox=\"0 0 24 24\" fill=\"none\"><path d=\"M6 6H4v2h2V6zm14 0H8v2h12V6zM4 11h2v2H4v-2zm16 0H8v2h12v-2zM4 16h2v2H4v-2zm16 0H8v2h12v-2z\" fill=\"currentColor\"><\/path><\/svg><svg style=\"fill: #999;color:#999\" class=\"arrow-unsorted-368013\" xmlns=\"http:\/\/www.w3.org\/2000\/svg\" width=\"10px\" height=\"10px\" viewBox=\"0 0 24 24\" version=\"1.2\" baseProfile=\"tiny\"><path d=\"M18.2 9.3l-6.2-6.3-6.2 6.3c-.2.2-.3.4-.3.7s.1.5.3.7c.2.2.4.3.7.3h11c.3 0 .5-.1.7-.3.2-.2.3-.5.3-.7s-.1-.5-.3-.7zM5.8 14.7l6.2 6.3 6.2-6.3c.2-.2.3-.5.3-.7s-.1-.5-.3-.7c-.2-.2-.4-.3-.7-.3h-11c-.3 0-.5.1-.7.3-.2.2-.3.5-.3.7s.1.5.3.7z\"\/><\/svg><\/span><\/span><\/span><\/a><\/span><\/div>\n<nav><ul class='ez-toc-list ez-toc-list-level-1 ' ><li class='ez-toc-page-1 ez-toc-heading-level-2'><a class=\"ez-toc-link ez-toc-heading-1\" href=\"#\" data-href=\"https:\/\/frons.com.br\/blog\/carreira\/educacao-emocional\/#O_que_e_educacao_emocional\" >O que \u00e9 educa\u00e7\u00e3o emocional?<\/a><\/li><li class='ez-toc-page-1 ez-toc-heading-level-2'><a class=\"ez-toc-link ez-toc-heading-2\" href=\"#\" data-href=\"https:\/\/frons.com.br\/blog\/carreira\/educacao-emocional\/#Qual_a_diferenca_entre_educacao_emocional_e_inteligencia_emocional\" >Qual a diferen\u00e7a entre educa\u00e7\u00e3o emocional e intelig\u00eancia emocional?<\/a><\/li><li class='ez-toc-page-1 ez-toc-heading-level-2'><a class=\"ez-toc-link ez-toc-heading-3\" href=\"#\" data-href=\"https:\/\/frons.com.br\/blog\/carreira\/educacao-emocional\/#Por_que_a_educacao_emocional_deve_comecar_desde_a_infancia\" >Por que a educa\u00e7\u00e3o emocional deve come\u00e7ar desde a inf\u00e2ncia?<\/a><\/li><li class='ez-toc-page-1 ez-toc-heading-level-2'><a class=\"ez-toc-link ez-toc-heading-4\" href=\"#\" data-href=\"https:\/\/frons.com.br\/blog\/carreira\/educacao-emocional\/#Educacao_emocional_na_vida_adulta_impacto_nas_relacoes_e_no_trabalho\" >Educa\u00e7\u00e3o emocional na vida adulta: impacto nas rela\u00e7\u00f5es e no trabalho<\/a><\/li><li class='ez-toc-page-1 ez-toc-heading-level-2'><a class=\"ez-toc-link ez-toc-heading-5\" href=\"#\" data-href=\"https:\/\/frons.com.br\/blog\/carreira\/educacao-emocional\/#Como_aplicar_a_educacao_emocional_no_dia_a_dia\" >Como aplicar a educa\u00e7\u00e3o emocional no dia a dia?<\/a><\/li><li class='ez-toc-page-1 ez-toc-heading-level-2'><a class=\"ez-toc-link ez-toc-heading-6\" href=\"#\" data-href=\"https:\/\/frons.com.br\/blog\/carreira\/educacao-emocional\/#Exemplos_de_programas_de_educacao_emocional_no_Brasil_e_no_mundo\" >Exemplos de programas de educa\u00e7\u00e3o emocional no Brasil e no mundo<\/a><\/li><\/ul><\/nav><\/div>\n<h2 class=\"wp-block-heading\"><span class=\"ez-toc-section\" id=\"O_que_e_educacao_emocional\"><\/span>O que \u00e9 educa\u00e7\u00e3o emocional?<span class=\"ez-toc-section-end\"><\/span><\/h2>\n\n\n\n<p>A educa\u00e7\u00e3o emocional \u00e9 o processo de aprendizagem que ajuda indiv\u00edduos a <strong>reconhecer, compreender, expressar e gerenciar suas pr\u00f3prias emo\u00e7\u00f5es<\/strong>, al\u00e9m de desenvolver empatia e habilidades para lidar com os sentimentos dos outros.<\/p>\n\n\n\n<p>Esse processo se inicia desde a inf\u00e2ncia e pode (e deve) ser estimulado ao longo da vida. Ele est\u00e1 diretamente ligado ao desenvolvimento emocional e \u00e0 constru\u00e7\u00e3o de uma base s\u00f3lida para o autoconhecimento, a autorregula\u00e7\u00e3o e a conviv\u00eancia saud\u00e1vel em sociedade.<\/p>\n\n\n\n<p>Educar emocionalmente \u00e9 ensinar que emo\u00e7\u00f5es \u2014 como raiva, medo, tristeza ou alegria \u2014 n\u00e3o s\u00e3o boas nem ruins, mas sinais importantes que nos ajudam a interpretar o mundo e agir de forma mais consciente, o que \u00e9 primordial para o <a target=\"_blank\" href=\"https:\/\/frons.com.br\/blog\/carreira\/desenvolvimento-profissional-e-pessoal\/\" rel=\"noreferrer noopener\">desenvolvimento profissional e pessoal<\/a> de qualquer pessoa.<\/p>\n\n\n\n<h2 class=\"wp-block-heading\"><span class=\"ez-toc-section\" id=\"Qual_a_diferenca_entre_educacao_emocional_e_inteligencia_emocional\"><\/span>Qual a diferen\u00e7a entre educa\u00e7\u00e3o emocional e intelig\u00eancia emocional?<span class=\"ez-toc-section-end\"><\/span><\/h2>\n\n\n\n<p>Embora estejam interligados, educa\u00e7\u00e3o emocional e intelig\u00eancia emocional n\u00e3o s\u00e3o a mesma coisa. A educa\u00e7\u00e3o emocional \u00e9 o caminho, o processo formativo. J\u00e1 a intelig\u00eancia emocional \u00e9 o conjunto de compet\u00eancias desenvolvidas a partir desse processo.<\/p>\n\n\n\n<p>De acordo com Daniel Goleman, autor refer\u00eancia no tema, a intelig\u00eancia emocional envolve cinco pilares: autoconhecimento, autorregula\u00e7\u00e3o, automotiva\u00e7\u00e3o, empatia e habilidades sociais. Esses pilares n\u00e3o nascem com a gente \u2014 s\u00e3o aprendidos.<\/p>\n\n\n\n<p>Nesse sentido, a educa\u00e7\u00e3o emocional \u00e9 o que <strong>permite que essas habilidades socioemocionais se desenvolvam<\/strong>. \u00c9 como aprender a andar de bicicleta: a pr\u00e1tica (educa\u00e7\u00e3o) leva \u00e0 habilidade (intelig\u00eancia).<\/p>\n\n\n\n<h2 class=\"wp-block-heading\"><span class=\"ez-toc-section\" id=\"Por_que_a_educacao_emocional_deve_comecar_desde_a_infancia\"><\/span>Por que a educa\u00e7\u00e3o emocional deve come\u00e7ar desde a inf\u00e2ncia?<span class=\"ez-toc-section-end\"><\/span><\/h2>\n\n\n\n<p>A inf\u00e2ncia \u00e9 o momento ideal para iniciar o desenvolvimento das habilidades emocionais. \u00c9 nessa fase que os padr\u00f5es de comportamento, a vis\u00e3o de mundo e as primeiras no\u00e7\u00f5es de empatia come\u00e7am a se formar.<\/p>\n\n\n\n<p>Ao incluir a educa\u00e7\u00e3o emocional no curr\u00edculo educacional, \u00e9 poss\u00edvel:<\/p>\n\n\n\n<ul class=\"wp-block-list\">\n<li>Reduzir conflitos e epis\u00f3dios de agressividade;<\/li>\n\n\n\n<li>Melhorar o desempenho acad\u00eamico;<\/li>\n\n\n\n<li>Estimular a autonomia e a responsabilidade;<\/li>\n\n\n\n<li>Favorecer a constru\u00e7\u00e3o de v\u00ednculos saud\u00e1veis;<\/li>\n\n\n\n<li>Desenvolver a escuta, o respeito e a coopera\u00e7\u00e3o.<\/li>\n<\/ul>\n\n\n\n<p>Al\u00e9m disso, estudos da CASEL (Collaborative for Academic, Social, and Emotional Learning) mostram que programas de educa\u00e7\u00e3o emocional nas escolas <a target=\"_blank\" rel=\"noreferrer noopener\" href=\"https:\/\/casel.org\/fundamentals-of-sel\/what-does-the-research-say\/\">aumentam o rendimento dos alunos em at\u00e9 11%<\/a> e promovem uma conviv\u00eancia mais harmoniosa.<\/p>\n\n\n\n<p>Na pr\u00e1tica, isso pode ser feito com atividades l\u00fadicas, rodas de conversa, leitura de hist\u00f3rias que exploram sentimentos e exerc\u00edcios de aten\u00e7\u00e3o plena.<\/p>\n\n\n\n<h2 class=\"wp-block-heading\"><span class=\"ez-toc-section\" id=\"Educacao_emocional_na_vida_adulta_impacto_nas_relacoes_e_no_trabalho\"><\/span>Educa\u00e7\u00e3o emocional na vida adulta: impacto nas rela\u00e7\u00f5es e no trabalho<span class=\"ez-toc-section-end\"><\/span><\/h2>\n\n\n\n<p>Embora o ideal seja iniciar o processo desde cedo, nunca \u00e9 tarde para desenvolver a educa\u00e7\u00e3o emocional. Na vida adulta, ela \u00e9 essencial para lidar com press\u00f5es do trabalho, resolver conflitos, liderar equipes e construir relacionamentos saud\u00e1veis \u2014 tanto na vida pessoal quanto profissional.<\/p>\n\n\n\n<p>Pessoas emocionalmente educadas tendem a:<\/p>\n\n\n\n<ul class=\"wp-block-list\">\n<li>Tomar decis\u00f5es mais conscientes;<\/li>\n\n\n\n<li>Lidar melhor com cr\u00edticas e frustra\u00e7\u00f5es;<\/li>\n\n\n\n<li>Trabalhar em equipe com mais empatia;<\/li>\n\n\n\n<li>Manter o foco mesmo em situa\u00e7\u00f5es de estresse;<\/li>\n\n\n\n<li>Exercitar a escuta ativa e a comunica\u00e7\u00e3o n\u00e3o violenta.<\/li>\n<\/ul>\n\n\n\n<p>No ambiente corporativo, a educa\u00e7\u00e3o emocional \u00e9 uma aliada poderosa para a constru\u00e7\u00e3o de uma cultura organizacional mais saud\u00e1vel e produtiva. Empresas que investem nesse tipo de desenvolvimento veem melhorias no clima, na colabora\u00e7\u00e3o e nos resultados de performance.<\/p>\n\n\n\n<h2 class=\"wp-block-heading\"><span class=\"ez-toc-section\" id=\"Como_aplicar_a_educacao_emocional_no_dia_a_dia\"><\/span>Como aplicar a educa\u00e7\u00e3o emocional no dia a dia?<span class=\"ez-toc-section-end\"><\/span><\/h2>\n\n\n\n<p>A educa\u00e7\u00e3o emocional n\u00e3o precisa (e n\u00e3o deve) acontecer apenas em contextos formais. Pelo contr\u00e1rio: ela se fortalece quando se integra \u00e0 rotina, tanto em casa quanto em ambientes educacionais e no trabalho.<\/p>\n\n\n\n<p>Aqui v\u00e3o algumas pr\u00e1ticas simples e eficazes para desenvolver essa habilidade no dia a dia:<\/p>\n\n\n\n<ul class=\"wp-block-list\">\n<li><strong>Rodas de conversa<\/strong>: abrir espa\u00e7o para que todos expressem seus sentimentos e pontos de vista sem julgamento;<\/li>\n\n\n\n<li><strong>Nomear emo\u00e7\u00f5es<\/strong>: ajudar crian\u00e7as e adultos a identificarem o que est\u00e3o sentindo com clareza;<\/li>\n\n\n\n<li><strong>Escuta ativa<\/strong>: ouvir com aten\u00e7\u00e3o, sem interromper ou tentar &#8220;consertar&#8221; o que o outro sente;<\/li>\n\n\n\n<li><strong>Leitura e filmes com temas emocionais<\/strong>: \u00f3timos recursos para gerar empatia e reflex\u00e3o;<\/li>\n\n\n\n<li><strong>Mindfulness<\/strong>: pr\u00e1ticas de aten\u00e7\u00e3o plena ajudam a acalmar a mente e observar as emo\u00e7\u00f5es sem reagir impulsivamente.<\/li>\n<\/ul>\n\n\n\n<p>Essas pr\u00e1ticas, quando incorporadas ao cotidiano, podem transformar nossas rela\u00e7\u00f5es e nossa sa\u00fade emocional.<\/p>\n\n\n\n<p>E, para expandir ainda mais esse aprendizado no ambiente corporativo, conhecer sobre <a target=\"_blank\" href=\"https:\/\/frons.com.br\/blog\/carreira\/tipos-de-treinamentos-organizacionais\/\" rel=\"noreferrer noopener\">treinamentos organizacionais de empresa<\/a> pode ser um grande passo para a sua vida profissional. Saiba mais!<\/p>\n\n\n\n<h2 class=\"wp-block-heading\"><span class=\"ez-toc-section\" id=\"Exemplos_de_programas_de_educacao_emocional_no_Brasil_e_no_mundo\"><\/span>Exemplos de programas de educa\u00e7\u00e3o emocional no Brasil e no mundo<span class=\"ez-toc-section-end\"><\/span><\/h2>\n\n\n\n<p>Diversas institui\u00e7\u00f5es ao redor do mundo j\u00e1 desenvolvem programas estruturados de educa\u00e7\u00e3o emocional com \u00f3timos resultados. Veja alguns exemplos:<\/p>\n\n\n\n<ul class=\"wp-block-list\">\n<li><strong>Programa Compasso (Instituto Ayrton Senna)<\/strong>: voltado para escolas p\u00fablicas brasileiras, integra compet\u00eancias socioemocionais ao curr\u00edculo escolar com base em evid\u00eancias cient\u00edficas;<\/li>\n\n\n\n<li><strong>MindUP (Funda\u00e7\u00e3o Goldie Hawn)<\/strong>: foca no bem-estar emocional das crian\u00e7as com atividades de mindfulness e neuroci\u00eancia;<\/li>\n\n\n\n<li><strong>RULER (Yale Center for Emotional Intelligence)<\/strong>: ajuda escolas a desenvolverem ambientes mais acolhedores e emocionalmente saud\u00e1veis;<\/li>\n\n\n\n<li><strong>SEL (Social and Emotional Learning &#8211; CASEL)<\/strong>: modelo reconhecido mundialmente que orienta escolas na implementa\u00e7\u00e3o de pr\u00e1ticas de aprendizagem socioemocional;<\/li>\n\n\n\n<li><strong>Movimento Escolas Transformadoras (Ashoka)<\/strong>: re\u00fane institui\u00e7\u00f5es que promovem educa\u00e7\u00e3o integral, com foco no protagonismo e empatia.<\/li>\n<\/ul>\n\n\n\n<p>Esses programas mostram que \u00e9 poss\u00edvel transformar realidades a partir da educa\u00e7\u00e3o das emo\u00e7\u00f5es \u2014 tanto individualmente quanto coletivamente.<\/p>\n\n\n\n<hr class=\"wp-block-separator has-alpha-channel-opacity\"\/>\n\n\n\n<p>A educa\u00e7\u00e3o emocional n\u00e3o \u00e9 um conte\u00fado opcional, mas uma compet\u00eancia essencial para a forma\u00e7\u00e3o de pessoas mais conscientes, resilientes e emp\u00e1ticas. Ela nos prepara para lidar com os altos e baixos da vida, melhora nossas rela\u00e7\u00f5es e amplia nossa capacidade de atuar com responsabilidade e equil\u00edbrio em diferentes contextos.<\/p>\n\n\n\n<p>Investir nesse processo \u2014 seja em cursos para l\u00edderes, em relacionamentos familiares ou no trabalho \u2014 \u00e9 uma forma poderosa de promover sa\u00fade mental, bem-estar coletivo e uma sociedade mais humana. Continue explorando o blog da Frons e descubra como um <a target=\"_blank\" href=\"https:\/\/frons.com.br\/blog\/carreira\/mba-em-lideranca-como-transformar-sua-carreira-e-alcancar-o-sucesso\/\" rel=\"noreferrer noopener\">MBA em Lideran\u00e7a<\/a> pode transformar sua forma de liderar e prepar\u00e1-lo para os desafios do presente e do futuro. Confira!<\/p>\n\n\n<div class=\"kk-star-ratings kksr-auto kksr-align-left kksr-valign-bottom\"\n    data-payload='{&quot;align&quot;:&quot;left&quot;,&quot;id&quot;:&quot;11410&quot;,&quot;slug&quot;:&quot;default&quot;,&quot;valign&quot;:&quot;bottom&quot;,&quot;ignore&quot;:&quot;&quot;,&quot;reference&quot;:&quot;auto&quot;,&quot;class&quot;:&quot;&quot;,&quot;count&quot;:&quot;1&quot;,&quot;legendonly&quot;:&quot;&quot;,&quot;readonly&quot;:&quot;&quot;,&quot;score&quot;:&quot;5&quot;,&quot;starsonly&quot;:&quot;&quot;,&quot;best&quot;:&quot;5&quot;,&quot;gap&quot;:&quot;5&quot;,&quot;greet&quot;:&quot;Avalie esse post&quot;,&quot;legend&quot;:&quot;5\\\/5 - (1 voto)&quot;,&quot;size&quot;:&quot;24&quot;,&quot;title&quot;:&quot;Educa\u00e7\u00e3o emocional: o que \u00e9, por que \u00e9 importante e como desenvolv\u00ea-la&quot;,&quot;width&quot;:&quot;142.5&quot;,&quot;_legend&quot;:&quot;{score}\\\/{best} - ({count} {votes})&quot;,&quot;font_factor&quot;:&quot;1.25&quot;}'>\n            \n<div class=\"kksr-stars\">\n    \n<div class=\"kksr-stars-inactive\">\n            <div class=\"kksr-star\" data-star=\"1\" style=\"padding-right: 5px\">\n            \n\n<div class=\"kksr-icon\" style=\"width: 24px; height: 24px;\"><\/div>\n        <\/div>\n            <div class=\"kksr-star\" data-star=\"2\" style=\"padding-right: 5px\">\n            \n\n<div class=\"kksr-icon\" style=\"width: 24px; height: 24px;\"><\/div>\n        <\/div>\n            <div class=\"kksr-star\" data-star=\"3\" style=\"padding-right: 5px\">\n            \n\n<div class=\"kksr-icon\" style=\"width: 24px; height: 24px;\"><\/div>\n        <\/div>\n            <div class=\"kksr-star\" data-star=\"4\" style=\"padding-right: 5px\">\n            \n\n<div class=\"kksr-icon\" style=\"width: 24px; height: 24px;\"><\/div>\n        <\/div>\n            <div class=\"kksr-star\" data-star=\"5\" style=\"padding-right: 5px\">\n            \n\n<div class=\"kksr-icon\" style=\"width: 24px; height: 24px;\"><\/div>\n        <\/div>\n    <\/div>\n    \n<div class=\"kksr-stars-active\" style=\"width: 142.5px;\">\n            <div class=\"kksr-star\" style=\"padding-right: 5px\">\n            \n\n<div class=\"kksr-icon\" style=\"width: 24px; height: 24px;\"><\/div>\n        <\/div>\n            <div class=\"kksr-star\" style=\"padding-right: 5px\">\n            \n\n<div class=\"kksr-icon\" style=\"width: 24px; height: 24px;\"><\/div>\n        <\/div>\n            <div class=\"kksr-star\" style=\"padding-right: 5px\">\n            \n\n<div class=\"kksr-icon\" style=\"width: 24px; height: 24px;\"><\/div>\n        <\/div>\n            <div class=\"kksr-star\" style=\"padding-right: 5px\">\n            \n\n<div class=\"kksr-icon\" style=\"width: 24px; height: 24px;\"><\/div>\n        <\/div>\n            <div class=\"kksr-star\" style=\"padding-right: 5px\">\n            \n\n<div class=\"kksr-icon\" style=\"width: 24px; height: 24px;\"><\/div>\n        <\/div>\n    <\/div>\n<\/div>\n                \n\n<div class=\"kksr-legend\" style=\"font-size: 19.2px;\">\n            5\/5 - (1 voto)    <\/div>\n    <\/div>\n","protected":false},"excerpt":{"rendered":"<p>A preocupa\u00e7\u00e3o com a sa\u00fade mental, bem-estar e qualidade das rela\u00e7\u00f5es nunca esteve t\u00e3o em alta \u2014 tanto em ambientes educacionais quanto em corporativos. Em meio a esse cen\u00e1rio, a educa\u00e7\u00e3o emocional tem ganhado destaque como uma resposta essencial para o desenvolvimento de l\u00edderes e de pessoas mais equilibradas, emp\u00e1ticas e conscientes. Mais do que<\/p>\n","protected":false},"author":19,"featured_media":0,"comment_status":"open","ping_status":"open","sticky":false,"template":"","format":"standard","meta":{"_acf_changed":false,"inline_featured_image":false,"footnotes":""},"categories":[1],"tags":[],"class_list":{"0":"post-11410","1":"post","2":"type-post","3":"status-publish","4":"format-standard","6":"category-carreira"},"acf":[],"ls_data":{"_yoast_wpseo_title":"","_yoast_wpseo_metadesc":"","_yoast_wpseo_meta-robots-noindex":"","_yoast_wpseo_meta-robots-nofollow":"","_aioseo_title":"","_aioseo_description":"","rank_math_title":"Educa\u00e7\u00e3o emocional: o que \u00e9, import\u00e2ncia e como aplicar!","rank_math_description":"Entenda o que \u00e9 educa\u00e7\u00e3o emocional no meio corporativo, sua import\u00e2ncia e como aplic\u00e1-la no dia a dia para melhorar rela\u00e7\u00f5es e bem-estar. Veja!"},"_links":{"self":[{"href":"https:\/\/frons.com.br\/blog\/wp-json\/wp\/v2\/posts\/11410","targetHints":{"allow":["GET"]}}],"collection":[{"href":"https:\/\/frons.com.br\/blog\/wp-json\/wp\/v2\/posts"}],"about":[{"href":"https:\/\/frons.com.br\/blog\/wp-json\/wp\/v2\/types\/post"}],"author":[{"embeddable":true,"href":"https:\/\/frons.com.br\/blog\/wp-json\/wp\/v2\/users\/19"}],"replies":[{"embeddable":true,"href":"https:\/\/frons.com.br\/blog\/wp-json\/wp\/v2\/comments?post=11410"}],"version-history":[{"count":2,"href":"https:\/\/frons.com.br\/blog\/wp-json\/wp\/v2\/posts\/11410\/revisions"}],"predecessor-version":[{"id":11842,"href":"https:\/\/frons.com.br\/blog\/wp-json\/wp\/v2\/posts\/11410\/revisions\/11842"}],"wp:attachment":[{"href":"https:\/\/frons.com.br\/blog\/wp-json\/wp\/v2\/media?parent=11410"}],"wp:term":[{"taxonomy":"category","embeddable":true,"href":"https:\/\/frons.com.br\/blog\/wp-json\/wp\/v2\/categories?post=11410"},{"taxonomy":"post_tag","embeddable":true,"href":"https:\/\/frons.com.br\/blog\/wp-json\/wp\/v2\/tags?post=11410"}],"curies":[{"name":"wp","href":"https:\/\/api.w.org\/{rel}","templated":true}]}}