{"id":3080,"date":"2019-11-07T11:45:38","date_gmt":"2019-11-07T14:45:38","guid":{"rendered":"https:\/\/frons.com.br\/blog\/?p=3080"},"modified":"2026-03-25T17:53:33","modified_gmt":"2026-03-25T20:53:33","slug":"capacitacao-profissional","status":"publish","type":"post","link":"https:\/\/frons.com.br\/blog\/carreira\/capacitacao-profissional\/","title":{"rendered":"Capacita\u00e7\u00e3o profissional: tipos de curso para investir"},"content":{"rendered":"<p><span style=\"font-weight: 400;\">Voc\u00ea investe na sua <strong>capacita\u00e7\u00e3o profissional<\/strong>? Se engana quem acredita que depois de conseguir aquele t\u00e3o sonhado cargo, n\u00e3o existir\u00e3o mais desafios. As capacita\u00e7\u00f5es profissionais s\u00e3o essenciais para aperfei\u00e7oar as <strong>aptid\u00f5es t\u00e9cnicas<\/strong> de um profissional.<\/span><\/p>\n<p>Fazer <span style=\"font-weight: 400;\">cursos de capacita\u00e7\u00e3o profissional<\/span> \u00e9 uma caracter\u00edstica fundamental para se preparar profissionalmente para o <a href=\"https:\/\/frons.com.br\/blog\/category\/carreira\/\">mercado de trabalho<\/a>, segundo nosso consultor Carlos Sander. Se quiser mais algumas dicas, d\u00e1 uma olhada no v\u00eddeo abaixo.<\/p>\n<p><iframe title=\"Como me PREPARAR PROFISSIONALMENTE e SER DESTAQUE no mercado de trabalho?\" width=\"770\" height=\"433\" src=\"https:\/\/www.youtube.com\/embed\/4_5aq-8ZjxI?start=25&#038;feature=oembed&#038;enablejsapi=1&#038;origin=https:\/\/frons.com.br\" frameborder=\"0\" allow=\"accelerometer; autoplay; clipboard-write; encrypted-media; gyroscope; picture-in-picture; web-share\" referrerpolicy=\"strict-origin-when-cross-origin\" allowfullscreen><\/iframe><\/p>\n<div class=\"g-ytsubscribe\" data-channelid=\"UCmkG25NvqcZ0kOgHiXQn2Zw\" data-layout=\"full\" data-count=\"hidden\">\u00a0<\/div>\n<p><span style=\"font-weight: 400;\">Dessa forma, a capacita\u00e7\u00e3o profissional visa ampliar o repert\u00f3rio de um profissional e torn\u00e1-lo mais competente nas fun\u00e7\u00f5es que ele j\u00e1 realiza. Al\u00e9m disso, a capacita\u00e7\u00e3o garante a <strong>autonomia<\/strong> na realiza\u00e7\u00e3o de uma determinada tarefa.\u00a0<\/span><\/p>\n<p><span style=\"font-weight: 400;\">Assim, esse tipo de aperfei\u00e7oamento acrescenta ao rol de compet\u00eancias de algu\u00e9m conhecimento e aptid\u00f5es que estavam subdesenvolvidas ou at\u00e9 mesmo delegadas a outras pessoas. Contribuindo assim, para a forma\u00e7\u00e3o de um <strong>profissional mais completo<\/strong>.<\/span><\/p>\n<p><span style=\"font-weight: 400;\">Contudo, confundir capacita\u00e7\u00e3o profissional com treinamento e at\u00e9 mesmo com qualifica\u00e7\u00e3o profissional, \u00e9 comum. <\/span><\/p>\n<p><span style=\"font-weight: 400;\">Por isso, antes de falarmos sobre os tipos de capacita\u00e7\u00f5es profissionais, vamos descobrir quem \u00e9 quem no processo de aperfei\u00e7oamento no mercado de trabalho. Continue lendo!<\/span><\/p>\n<div id=\"ez-toc-container\" class=\"ez-toc-v2_0_82_2 counter-hierarchy ez-toc-counter ez-toc-grey ez-toc-container-direction\">\n<div class=\"ez-toc-title-container\">\n<span class=\"ez-toc-title\" style=\"cursor:inherit\">\u00cdndice<\/span>\n<span class=\"ez-toc-title-toggle\"><a href=\"#\" class=\"ez-toc-pull-right ez-toc-btn ez-toc-btn-xs ez-toc-btn-default ez-toc-toggle\" aria-label=\"Alternar tabela de conte\u00fado\"><span class=\"ez-toc-js-icon-con\"><span class=\"\"><span class=\"eztoc-hide\" style=\"display:none;\">Toggle<\/span><span class=\"ez-toc-icon-toggle-span\"><svg style=\"fill: #999;color:#999\" xmlns=\"http:\/\/www.w3.org\/2000\/svg\" class=\"list-377408\" width=\"20px\" height=\"20px\" viewBox=\"0 0 24 24\" fill=\"none\"><path d=\"M6 6H4v2h2V6zm14 0H8v2h12V6zM4 11h2v2H4v-2zm16 0H8v2h12v-2zM4 16h2v2H4v-2zm16 0H8v2h12v-2z\" fill=\"currentColor\"><\/path><\/svg><svg style=\"fill: #999;color:#999\" class=\"arrow-unsorted-368013\" xmlns=\"http:\/\/www.w3.org\/2000\/svg\" width=\"10px\" height=\"10px\" viewBox=\"0 0 24 24\" version=\"1.2\" baseProfile=\"tiny\"><path d=\"M18.2 9.3l-6.2-6.3-6.2 6.3c-.2.2-.3.4-.3.7s.1.5.3.7c.2.2.4.3.7.3h11c.3 0 .5-.1.7-.3.2-.2.3-.5.3-.7s-.1-.5-.3-.7zM5.8 14.7l6.2 6.3 6.2-6.3c.2-.2.3-.5.3-.7s-.1-.5-.3-.7c-.2-.2-.4-.3-.7-.3h-11c-.3 0-.5.1-.7.3-.2.2-.3.5-.3.7s.1.5.3.7z\"\/><\/svg><\/span><\/span><\/span><\/a><\/span><\/div>\n<nav><ul class='ez-toc-list ez-toc-list-level-1 ' ><li class='ez-toc-page-1 ez-toc-heading-level-2'><a class=\"ez-toc-link ez-toc-heading-1\" href=\"#\" data-href=\"https:\/\/frons.com.br\/blog\/carreira\/capacitacao-profissional\/#O_que_e_a_capacitacao_Diferencas_para_o_treinamento\" >O que \u00e9 a capacita\u00e7\u00e3o? Diferen\u00e7as para o treinamento<\/a><\/li><li class='ez-toc-page-1 ez-toc-heading-level-2'><a class=\"ez-toc-link ez-toc-heading-2\" href=\"#\" data-href=\"https:\/\/frons.com.br\/blog\/carreira\/capacitacao-profissional\/#Quais_sao_os_cursos_de_capacitacao_profissional\" >Quais s\u00e3o os cursos de capacita\u00e7\u00e3o profissional?<\/a><ul class='ez-toc-list-level-3' ><li class='ez-toc-heading-level-3'><a class=\"ez-toc-link ez-toc-heading-3\" href=\"#\" data-href=\"https:\/\/frons.com.br\/blog\/carreira\/capacitacao-profissional\/#1_Curso_livre\" >1. Curso livre<\/a><\/li><li class='ez-toc-page-1 ez-toc-heading-level-3'><a class=\"ez-toc-link ez-toc-heading-4\" href=\"#\" data-href=\"https:\/\/frons.com.br\/blog\/carreira\/capacitacao-profissional\/#2_Pos-GraduacaoEspecializacao\" >2. P\u00f3s-Gradua\u00e7\u00e3o\/Especializa\u00e7\u00e3o<\/a><\/li><li class='ez-toc-page-1 ez-toc-heading-level-3'><a class=\"ez-toc-link ez-toc-heading-5\" href=\"#\" data-href=\"https:\/\/frons.com.br\/blog\/carreira\/capacitacao-profissional\/#3_Palestras_Seminarios_e_Congressos\" >3. Palestras, Semin\u00e1rios e Congressos<\/a><\/li><li class='ez-toc-page-1 ez-toc-heading-level-3'><a class=\"ez-toc-link ez-toc-heading-6\" href=\"#\" data-href=\"https:\/\/frons.com.br\/blog\/carreira\/capacitacao-profissional\/#4_Workshops\" >4. Workshops<\/a><\/li><\/ul><\/li><li class='ez-toc-page-1 ez-toc-heading-level-2'><a class=\"ez-toc-link ez-toc-heading-7\" href=\"#\" data-href=\"https:\/\/frons.com.br\/blog\/carreira\/capacitacao-profissional\/#Qual_a_diferenca_entre_qualificacao_e_capacitacao_profissional\" >Qual a diferen\u00e7a entre qualifica\u00e7\u00e3o e capacita\u00e7\u00e3o profissional?<\/a><\/li><li class='ez-toc-page-1 ez-toc-heading-level-2'><a class=\"ez-toc-link ez-toc-heading-8\" href=\"#\" data-href=\"https:\/\/frons.com.br\/blog\/carreira\/capacitacao-profissional\/#Por_que_investir_na_capacitacao_profissional\" >Por que investir na capacita\u00e7\u00e3o profissional?<\/a><ul class='ez-toc-list-level-3' ><li class='ez-toc-heading-level-3'><a class=\"ez-toc-link ez-toc-heading-9\" href=\"#\" data-href=\"https:\/\/frons.com.br\/blog\/carreira\/capacitacao-profissional\/#Criacao_de_networking\" >Cria\u00e7\u00e3o de networking<\/a><\/li><li class='ez-toc-page-1 ez-toc-heading-level-3'><a class=\"ez-toc-link ez-toc-heading-10\" href=\"#\" data-href=\"https:\/\/frons.com.br\/blog\/carreira\/capacitacao-profissional\/#Atualizacao_constante\" >Atualiza\u00e7\u00e3o constante<\/a><\/li><\/ul><\/li><li class='ez-toc-page-1 ez-toc-heading-level-2'><a class=\"ez-toc-link ez-toc-heading-11\" href=\"#\" data-href=\"https:\/\/frons.com.br\/blog\/carreira\/capacitacao-profissional\/#Conheca_as_capacitacoes_profissionais_da_Frons\" >Conhe\u00e7a as capacita\u00e7\u00f5es profissionais da Frons<\/a><\/li><\/ul><\/nav><\/div>\n<h2><span class=\"ez-toc-section\" id=\"O_que_e_a_capacitacao_Diferencas_para_o_treinamento\"><\/span>O que \u00e9 a capacita\u00e7\u00e3o? Diferen\u00e7as para o treinamento<span class=\"ez-toc-section-end\"><\/span><\/h2>\n<p><span style=\"font-weight: 400;\">Capacita\u00e7\u00e3o e treinamento s\u00e3o dois termos que frequentemente s\u00e3o usados como sin\u00f4nimos, mas s\u00e3o <strong>conceitos distintos<\/strong>. <\/span><\/p>\n<p><span style=\"font-weight: 400;\">Do mesmo modo, ambos fazem parte das forma\u00e7\u00f5es complementares de qualifica\u00e7\u00e3o.<\/span><\/p>\n<p><span style=\"font-weight: 400;\">A capacita\u00e7\u00e3o permite o <a href=\"https:\/\/frons.com.br\/blog\/carreira\/como-melhorar-seu-desempenho-profissional\/\">desenvolvimento profissional<\/a> de uma atividade, sendo respons\u00e1vel por criar uma <strong>nova compet\u00eancia<\/strong>. <\/span><\/p>\n<p><span style=\"font-weight: 400;\">O <a href=\"https:\/\/frons.com.br\/blog\/carreira\/treinamento-profissional-ferramenta-empresarial\/\">treinamento<\/a>, por outro lado, aperfei\u00e7oa uma habilidade que j\u00e1 existe, ensinando novos e\/ou melhores modos de desempenh\u00e1-la.<\/span><\/p>\n<h2><span class=\"ez-toc-section\" id=\"Quais_sao_os_cursos_de_capacitacao_profissional\"><\/span>Quais s\u00e3o os cursos de capacita\u00e7\u00e3o profissional?<span class=\"ez-toc-section-end\"><\/span><\/h2>\n<p><span style=\"font-weight: 400;\">Bom, agora que voc\u00ea j\u00e1 sabe o resumo da \u00f3pera, vamos conhecer os principais tipos de capacita\u00e7\u00e3o profissional:<\/span><\/p>\n<h3><span class=\"ez-toc-section\" id=\"1_Curso_livre\"><\/span>1. Curso livre<span class=\"ez-toc-section-end\"><\/span><\/h3>\n<p><span style=\"font-weight: 400;\">Os <strong>cursos livres<\/strong> s\u00e3o indicados para profissionais que desejam uma capacita\u00e7\u00e3o profissional r\u00e1pida e mais acess\u00edvel financeiramente. <\/span><\/p>\n<p><span style=\"font-weight: 400;\">Esse tipo de curso tem a dura\u00e7\u00e3o variada dependendo do assunto a ser ensinado, contudo, costumam ter a carga hor\u00e1ria inferior a <strong>360 horas<\/strong>, o que j\u00e1 caracterizaria um curso de especializa\u00e7\u00e3o, segundo a regula\u00e7\u00e3o do MEC.<\/span><\/p>\n<p><span style=\"font-weight: 400;\">Dessa forma, apesar de possu\u00edrem certificado, esses cursos n\u00e3o t\u00eam o mesmo peso que uma p\u00f3s-gradua\u00e7\u00e3o. No entanto, isso n\u00e3o significa que eles n\u00e3o tenham valor para o mercado de trabalho. <\/span><\/p>\n<p><span style=\"font-weight: 400;\">Os cursos livres trabalham <strong>habilidades espec\u00edficas<\/strong> que podem fazer parte de um dos assuntos de um curso de especializa\u00e7\u00e3o, mas este \u00e9 mais aprofundado e abordar\u00e1 tamb\u00e9m outros conte\u00fados.<\/span><\/p>\n<h3><span class=\"ez-toc-section\" id=\"2_Pos-GraduacaoEspecializacao\"><\/span>2. P\u00f3s-Gradua\u00e7\u00e3o\/Especializa\u00e7\u00e3o<span class=\"ez-toc-section-end\"><\/span><\/h3>\n<p><span style=\"font-weight: 400;\">Os <strong>cursos de p\u00f3s-gradua\u00e7\u00e3o e especializa\u00e7\u00e3o<\/strong> come\u00e7aram a ficar mais populares com a alta concorr\u00eancia do mercado de trabalho. J\u00e1 que a demanda por profissionais com alta qualifica\u00e7\u00e3o est\u00e1 cada vez maior. <\/span><\/p>\n<p><span style=\"font-weight: 400;\">Isso faz com que a prefer\u00eancia por profissionais que optaram por uma <strong>educa\u00e7\u00e3o continuada<\/strong> se destaquem frente aos demais.<\/span><\/p>\n<p><span style=\"font-weight: 400;\">Nesta categoria est\u00e3o os mestrados acad\u00eamicos, mestrados profissionais, doutorados e p\u00f3s-doutorados. <\/span><\/p>\n<p><span style=\"font-weight: 400;\">Estes primeiros s\u00e3o indicados para aqueles que desejam seguir carreira acad\u00eamica, desenvolverem pesquisas e tamb\u00e9m criarem uma <strong>autoridade intelectual<\/strong> em sua \u00e1rea de atua\u00e7\u00e3o. Assim, estes cursos estimulam a reflex\u00e3o te\u00f3rica e ret\u00f3rica.<\/span><\/p>\n<p><span style=\"font-weight: 400;\">Tamb\u00e9m fazem parte desta modalidade os curso de especializa\u00e7\u00f5es e MBAs. Estes s\u00e3o voltados para o mercado de trabalho e buscam o aperfei\u00e7oamento profissional. <\/span><\/p>\n<p><span style=\"font-weight: 400;\">O objetivo destes cursos \u00e9 aprofundar compet\u00eancias espec\u00edficas, focando em sua <strong>aplica\u00e7\u00e3o pr\u00e1tica<\/strong>. <\/span><\/p>\n<p><span style=\"font-weight: 400;\">Esses cursos contribuem para a ascens\u00e3o profissional, mudan\u00e7a de \u00e1rea de atua\u00e7\u00e3o e tamb\u00e9m amplia\u00e7\u00e3o das habilidades em um determinado ramo.<\/span><\/p>\n<p>Se quiser entender melhor a diferen\u00e7a entre mestrado, especializa\u00e7\u00e3o e MBAs, confira nosso v\u00eddeo sobre o assunto:<\/p>\n<p><iframe title=\"Especializa\u00e7\u00e3o, mestrado ou MBA? Como escolher?\" width=\"770\" height=\"433\" src=\"https:\/\/www.youtube.com\/embed\/l_E7iFwGwAQ?start=4&#038;feature=oembed&#038;enablejsapi=1&#038;origin=https:\/\/frons.com.br\" frameborder=\"0\" allow=\"accelerometer; autoplay; clipboard-write; encrypted-media; gyroscope; picture-in-picture; web-share\" referrerpolicy=\"strict-origin-when-cross-origin\" allowfullscreen><\/iframe><\/p>\n<h3><span class=\"ez-toc-section\" id=\"3_Palestras_Seminarios_e_Congressos\"><\/span>3. Palestras, Semin\u00e1rios e Congressos<span class=\"ez-toc-section-end\"><\/span><\/h3>\n<p><span style=\"font-weight: 400;\">N\u00e3o \u00e9 novidade que h\u00e1 conhecimentos que n\u00e3o s\u00e3o transmitidos em salas de aula. Isso acontece, pois muitos deles s\u00e3o adquiridos por meio da experi\u00eancia profissional e tamb\u00e9m pela demora do processo de assimila\u00e7\u00e3o das grades curriculares das novidades de cada \u00e1rea do conhecimento e profissionalizante.<\/span><\/p>\n<p><span style=\"font-weight: 400;\">Nesse sentido, para um profissional se manter atualizado, esses tipos de conhecimentos precisam ser buscados de outras formas. Uma delas compreende participar de eventos como <strong>palestras, semin\u00e1rios e congressos<\/strong> de seu ramo de atua\u00e7\u00e3o.<\/span><\/p>\n<p><span style=\"font-weight: 400;\">Sejam eles <strong>acad\u00eamicos<\/strong>, a fim de divulgar o que est\u00e1 sendo desenvolvido cientificamente nas universidades. <\/span><\/p>\n<p><span style=\"font-weight: 400;\">Sejam eles voltados para o <strong>mercado de trabalho<\/strong>, apresentando as \u00faltimas novidades em processos, ferramentas e todo o tipo de novidade para agregar a rotina profissional daquela \u00e1rea.<\/span><\/p>\n<h3><span class=\"ez-toc-section\" id=\"4_Workshops\"><\/span>4. Workshops<span class=\"ez-toc-section-end\"><\/span><\/h3>\n<p><span style=\"font-weight: 400;\">O <strong>workshop<\/strong> \u00e9 um tipo de evento empresarial que condensa em um curto per\u00edodo de tempo a assimila\u00e7\u00e3o de um tema espec\u00edfico. <\/span><\/p>\n<p><span style=\"font-weight: 400;\">O seu grande diferencial \u00e9 a <strong>aplica\u00e7\u00e3o de atividades pr\u00e1ticas<\/strong> para a assimila\u00e7\u00e3o desta nova tem\u00e1tica. O seu foco \u00e9 na produtividade e por isso n\u00e3o \u00e9 raro existirem mais de um mediador.\u00a0<\/span><\/p>\n<p><span style=\"font-weight: 400;\">S\u00e3o eventos din\u00e2micos normalmente desenvolvidos no pr\u00f3prio ambiente corporativo que conta com a participa\u00e7\u00e3o ativa de seu p\u00fablico. <\/span><\/p>\n<p><span style=\"font-weight: 400;\">Uma forma comum de intera\u00e7\u00e3o \u00e9 o uso de <strong>debates e trocas de experi\u00eancias<\/strong>. <\/span><\/p>\n<p><span style=\"font-weight: 400;\">Assim, o que o diferencia das outras modalidades de capacita\u00e7\u00e3o profissional \u00e9 a participa\u00e7\u00e3o ativa dos alunos no processo de aprendizado.<\/span><\/p>\n<h2><span class=\"ez-toc-section\" id=\"Qual_a_diferenca_entre_qualificacao_e_capacitacao_profissional\"><\/span>Qual a diferen\u00e7a entre qualifica\u00e7\u00e3o e capacita\u00e7\u00e3o profissional?<span class=\"ez-toc-section-end\"><\/span><\/h2>\n<p><span style=\"font-weight: 400;\">Uma capacita\u00e7\u00e3o profissional tamb\u00e9m \u00e9 diferente de uma qualifica\u00e7\u00e3o. <\/span><\/p>\n<p><span style=\"font-weight: 400;\">A qualifica\u00e7\u00e3o profissional diz respeito \u00e0 <strong>forma\u00e7\u00e3o educacional de um indiv\u00edduo<\/strong>, na qual ele ser\u00e1 munido de conhecimento, habilidades e t\u00e9cnicas.\u00a0\u00a0<\/span><\/p>\n<p><span style=\"font-weight: 400;\">Em termos pr\u00e1ticos, um <strong>curso de gradua\u00e7\u00e3o ou tecnologia<\/strong> s\u00e3o exemplos de qualifica\u00e7\u00e3o. Portanto, a qualifica\u00e7\u00e3o \u00e9 respons\u00e1vel pela base de conhecimento necess\u00e1rio para determinada profiss\u00e3o.\u00a0<\/span><\/p>\n<p><span style=\"font-weight: 400;\">Por outro lado, a capacita\u00e7\u00e3o profissional \u00e9 uma etapa posterior a qualifica\u00e7\u00e3o, como tamb\u00e9m s\u00e3o os treinamentos. <\/span><\/p>\n<p><span style=\"font-weight: 400;\">A capacita\u00e7\u00e3o pode ser ministrada na forma de cursos, palestras, workshops, entre outros, como uma forma\u00e7\u00e3o <strong>complementar a qualifica\u00e7\u00e3o<\/strong>.<\/span><\/p>\n<h2><span class=\"ez-toc-section\" id=\"Por_que_investir_na_capacitacao_profissional\"><\/span>Por que investir na capacita\u00e7\u00e3o profissional?<span class=\"ez-toc-section-end\"><\/span><\/h2>\n<p><span style=\"font-weight: 400;\">Investir nos diferentes tipos de capacita\u00e7\u00e3o profissional \u00e9 um diferencial. Atrav\u00e9s da capacita\u00e7\u00e3o, o profissional se destacar\u00e1 por suas compet\u00eancias e autonomia na realiza\u00e7\u00e3o de suas fun\u00e7\u00f5es. <\/span><\/p>\n<p><span style=\"font-weight: 400;\">Contudo, n\u00e3o \u00e9 apenas no aperfei\u00e7oamento profissional que a capacita\u00e7\u00e3o traz benef\u00edcios. Vamos conhecer os principais deles a seguir:<\/span><\/p>\n<h3><span class=\"ez-toc-section\" id=\"Criacao_de_networking\"><\/span>Cria\u00e7\u00e3o de networking<span class=\"ez-toc-section-end\"><\/span><\/h3>\n<p><span style=\"font-weight: 400;\">Ao participar de programas de capacita\u00e7\u00e3o profissional, voc\u00ea amplia a <a href=\"https:\/\/www.linkedin.com\/pulse\/voc%C3%AA-pratica-network-ou-networking-carolina-mello\/\" target=\"_blank\" rel=\"noopener noreferrer\">rede de networking<\/a>\u00a0em sua \u00e1rea de atua\u00e7\u00e3o. <\/span><\/p>\n<p><span style=\"font-weight: 400;\">Se conectando tanto com outros profissionais e experts da sua \u00e1rea de atua\u00e7\u00e3o quanto tamb\u00e9m de \u00e1reas afins. Essa rede de contatos \u00e9 muito valiosa na vida profissional. <\/span><\/p>\n<p><span style=\"font-weight: 400;\">Atrav\u00e9s dela, um profissional pode trocar conhecimentos, encontrar parceiros, captar investimentos.<\/span><\/p>\n<p><span style=\"font-weight: 400;\">Al\u00e9m disso, ter contato com profissionais renomados e intelectuais da sua \u00e1rea pode ser uma boa ponte para conquistar aquela t\u00e3o sonhada vaga em uma grande empresa, por exemplo. <\/span><\/p>\n<p><span style=\"font-weight: 400;\">J\u00e1 que estes muitas vezes trabalham, j\u00e1 trabalharam ou at\u00e9 mesmo s\u00e3o donos das mesmas. Assim, se conectar com um deles pode ser o empurr\u00e3ozinho que faltava para ser notado pelo RH ou aprender o que precisa para chegar l\u00e1.<\/span><\/p>\n<p><span style=\"font-weight: 400;\">Da mesma forma, a cria\u00e7\u00e3o de uma rede de contatos ajuda aqueles que est\u00e3o em fase de <strong>recoloca\u00e7\u00e3o no mercado de trabalho<\/strong>. <\/span><\/p>\n<p><span style=\"font-weight: 400;\">Tamb\u00e9m garante que um profissional continue em sua empresa e consiga crescer em sua \u00e1rea, pois com a capacita\u00e7\u00e3o profissional conseguem apresentar melhores resultados!<\/span><\/p>\n<h3><span class=\"ez-toc-section\" id=\"Atualizacao_constante\"><\/span>Atualiza\u00e7\u00e3o constante<span class=\"ez-toc-section-end\"><\/span><\/h3>\n<p><span style=\"font-weight: 400;\">\u00c9 tamb\u00e9m atrav\u00e9s da capacita\u00e7\u00e3o profissional que voc\u00ea ficar\u00e1 por dentro das <strong>novidades do mercado<\/strong>. Isso ajudar\u00e1 a planejar sua proje\u00e7\u00e3o de carreira e objetivos a longo prazo. O que s\u00e3o fatores fundamentais para se manter motivado e revisar seus objetivos pessoais.<\/span><\/p>\n<p><span style=\"font-weight: 400;\">Por fim, a capacita\u00e7\u00e3o profissional tamb\u00e9m contribui na seguran\u00e7a pessoal para embarcar em novos projetos, assumir novas responsabilidades e at\u00e9 mesmo empreender. <\/span><\/p>\n<p><span style=\"font-weight: 400;\">Isso porque, estar seguro de suas compet\u00eancias \u00e9 essencial para correr riscos e <strong>sair da zona de conforto<\/strong>.<\/span><\/p>\n<h2><span class=\"ez-toc-section\" id=\"Conheca_as_capacitacoes_profissionais_da_Frons\"><\/span><span style=\"font-weight: 400;\">Conhe\u00e7a as capacita\u00e7\u00f5es profissionais da Frons<\/span><span class=\"ez-toc-section-end\"><\/span><\/h2>\n<p><span style=\"font-weight: 400;\">Se voc\u00ea gostou de conhecer mais sobre os tipos de capacita\u00e7\u00e3o profissional, confira a <a href=\"https:\/\/frons.com.br\/treinamentos\/\">lista completa de Cursos<\/a> da Frons.<\/span><\/p>\n<p>Os cursos s\u00e3o 100% online e podem ajud\u00e1-lo a alavancar a sua carreira, trazendo motiva\u00e7\u00e3o e novas habilidades.<\/p>\n<p><span style=\"font-weight: 400;\">Siga-nos tamb\u00e9m no <\/span><a href=\"https:\/\/www.facebook.com\/caetreinamentos\/\" target=\"_blank\" rel=\"noopener\"><span style=\"font-weight: 400;\">Facebook<\/span><\/a><span style=\"font-weight: 400;\">,<\/span> <a href=\"https:\/\/www.linkedin.com\/company-beta\/10989445\/\" target=\"_blank\" rel=\"noopener\"><span style=\"font-weight: 400;\">LinkedIn<\/span><\/a><span style=\"font-weight: 400;\">, assine o nosso canal no<\/span> <a href=\"https:\/\/www.youtube.com\/channel\/UCmkG25NvqcZ0kOgHiXQn2Zw\" target=\"_blank\" rel=\"noopener\"><span style=\"font-weight: 400;\">Youtube<\/span><\/a><span style=\"font-weight: 400;\"> e n\u00e3o perca nenhuma novidade!<\/span><\/p>\n\n\n<script type=\"application\/ld+json\">\n{\n  \"@context\": \"https:\/\/schema.org\",\n  \"@type\": \"FAQPage\",\n  \"mainEntity\": [\n    {\n      \"@type\": \"Question\",\n      \"name\": \"O que \u00e9 capacita\u00e7\u00e3o profissional?\",\n      \"acceptedAnswer\": {\n        \"@type\": \"Answer\",\n        \"text\": \"Capacita\u00e7\u00e3o profissional \u00e9 o processo de desenvolvimento de novas compet\u00eancias e habilidades que ampliam o repert\u00f3rio do profissional, tornando-o mais preparado para executar suas fun\u00e7\u00f5es com autonomia e efici\u00eancia.\"\n      }\n    },\n    {\n      \"@type\": \"Question\",\n      \"name\": \"Qual a diferen\u00e7a entre capacita\u00e7\u00e3o e treinamento?\",\n      \"acceptedAnswer\": {\n        \"@type\": \"Answer\",\n        \"text\": \"A capacita\u00e7\u00e3o tem como objetivo desenvolver novas compet\u00eancias, enquanto o treinamento busca aperfei\u00e7oar habilidades que o profissional j\u00e1 possui, ensinando formas mais eficientes de execut\u00e1-las.\"\n      }\n    },\n    {\n      \"@type\": \"Question\",\n      \"name\": \"Quais s\u00e3o os principais tipos de capacita\u00e7\u00e3o profissional?\",\n      \"acceptedAnswer\": {\n        \"@type\": \"Answer\",\n        \"text\": \"Os principais tipos de capacita\u00e7\u00e3o profissional incluem cursos livres, p\u00f3s-gradua\u00e7\u00e3o e especializa\u00e7\u00e3o (como MBA, mestrado e doutorado), al\u00e9m de palestras, semin\u00e1rios, congressos e workshops.\"\n      }\n    },\n    {\n      \"@type\": \"Question\",\n      \"name\": \"O que s\u00e3o cursos livres?\",\n      \"acceptedAnswer\": {\n        \"@type\": \"Answer\",\n        \"text\": \"Cursos livres s\u00e3o forma\u00e7\u00f5es de curta dura\u00e7\u00e3o, geralmente com carga hor\u00e1ria inferior a 360 horas, voltadas ao desenvolvimento de habilidades espec\u00edficas. Apesar de emitirem certificado, n\u00e3o possuem o mesmo peso de uma p\u00f3s-gradua\u00e7\u00e3o.\"\n      }\n    },\n    {\n      \"@type\": \"Question\",\n      \"name\": \"Qual a diferen\u00e7a entre capacita\u00e7\u00e3o e qualifica\u00e7\u00e3o profissional?\",\n      \"acceptedAnswer\": {\n        \"@type\": \"Answer\",\n        \"text\": \"A qualifica\u00e7\u00e3o profissional refere-se \u00e0 forma\u00e7\u00e3o educacional base, como gradua\u00e7\u00e3o ou curso t\u00e9cnico. J\u00e1 a capacita\u00e7\u00e3o profissional \u00e9 complementar e ocorre ap\u00f3s essa forma\u00e7\u00e3o, visando aprofundar e desenvolver novas habilidades.\"\n      }\n    },\n    {\n      \"@type\": \"Question\",\n      \"name\": \"Por que investir em capacita\u00e7\u00e3o profissional?\",\n      \"acceptedAnswer\": {\n        \"@type\": \"Answer\",\n        \"text\": \"Investir em capacita\u00e7\u00e3o profissional permite desenvolver novas compet\u00eancias, aumentar a empregabilidade, melhorar o desempenho no trabalho, ampliar o networking e acompanhar as mudan\u00e7as e tend\u00eancias do mercado.\"\n      }\n    },\n    {\n      \"@type\": \"Question\",\n      \"name\": \"Quais s\u00e3o os benef\u00edcios da capacita\u00e7\u00e3o profissional?\",\n      \"acceptedAnswer\": {\n        \"@type\": \"Answer\",\n        \"text\": \"Entre os principais benef\u00edcios est\u00e3o o desenvolvimento de habilidades, aumento da autonomia, atualiza\u00e7\u00e3o constante, cria\u00e7\u00e3o de networking e maior seguran\u00e7a para assumir novos desafios e oportunidades profissionais.\"\n      }\n    }\n  ]\n}\n<\/script>\n\n\n<div class=\"kk-star-ratings kksr-auto kksr-align-left kksr-valign-bottom\"\n    data-payload='{&quot;align&quot;:&quot;left&quot;,&quot;id&quot;:&quot;3080&quot;,&quot;slug&quot;:&quot;default&quot;,&quot;valign&quot;:&quot;bottom&quot;,&quot;ignore&quot;:&quot;&quot;,&quot;reference&quot;:&quot;auto&quot;,&quot;class&quot;:&quot;&quot;,&quot;count&quot;:&quot;1&quot;,&quot;legendonly&quot;:&quot;&quot;,&quot;readonly&quot;:&quot;&quot;,&quot;score&quot;:&quot;5&quot;,&quot;starsonly&quot;:&quot;&quot;,&quot;best&quot;:&quot;5&quot;,&quot;gap&quot;:&quot;5&quot;,&quot;greet&quot;:&quot;Avalie esse post&quot;,&quot;legend&quot;:&quot;5\\\/5 - (1 voto)&quot;,&quot;size&quot;:&quot;24&quot;,&quot;title&quot;:&quot;Capacita\u00e7\u00e3o profissional: tipos de curso para investir&quot;,&quot;width&quot;:&quot;142.5&quot;,&quot;_legend&quot;:&quot;{score}\\\/{best} - ({count} {votes})&quot;,&quot;font_factor&quot;:&quot;1.25&quot;}'>\n            \n<div class=\"kksr-stars\">\n    \n<div class=\"kksr-stars-inactive\">\n            <div class=\"kksr-star\" data-star=\"1\" style=\"padding-right: 5px\">\n            \n\n<div class=\"kksr-icon\" style=\"width: 24px; height: 24px;\"><\/div>\n        <\/div>\n            <div class=\"kksr-star\" data-star=\"2\" style=\"padding-right: 5px\">\n            \n\n<div class=\"kksr-icon\" style=\"width: 24px; height: 24px;\"><\/div>\n        <\/div>\n            <div class=\"kksr-star\" data-star=\"3\" style=\"padding-right: 5px\">\n            \n\n<div class=\"kksr-icon\" style=\"width: 24px; height: 24px;\"><\/div>\n        <\/div>\n            <div class=\"kksr-star\" data-star=\"4\" style=\"padding-right: 5px\">\n            \n\n<div class=\"kksr-icon\" style=\"width: 24px; height: 24px;\"><\/div>\n        <\/div>\n            <div class=\"kksr-star\" data-star=\"5\" style=\"padding-right: 5px\">\n            \n\n<div class=\"kksr-icon\" style=\"width: 24px; height: 24px;\"><\/div>\n        <\/div>\n    <\/div>\n    \n<div class=\"kksr-stars-active\" style=\"width: 142.5px;\">\n            <div class=\"kksr-star\" style=\"padding-right: 5px\">\n            \n\n<div class=\"kksr-icon\" style=\"width: 24px; height: 24px;\"><\/div>\n        <\/div>\n            <div class=\"kksr-star\" style=\"padding-right: 5px\">\n            \n\n<div class=\"kksr-icon\" style=\"width: 24px; height: 24px;\"><\/div>\n        <\/div>\n            <div class=\"kksr-star\" style=\"padding-right: 5px\">\n            \n\n<div class=\"kksr-icon\" style=\"width: 24px; height: 24px;\"><\/div>\n        <\/div>\n            <div class=\"kksr-star\" style=\"padding-right: 5px\">\n            \n\n<div class=\"kksr-icon\" style=\"width: 24px; height: 24px;\"><\/div>\n        <\/div>\n            <div class=\"kksr-star\" style=\"padding-right: 5px\">\n            \n\n<div class=\"kksr-icon\" style=\"width: 24px; height: 24px;\"><\/div>\n        <\/div>\n    <\/div>\n<\/div>\n                \n\n<div class=\"kksr-legend\" style=\"font-size: 19.2px;\">\n            5\/5 - (1 voto)    <\/div>\n    <\/div>\n","protected":false},"excerpt":{"rendered":"<p>Voc\u00ea investe na sua capacita\u00e7\u00e3o profissional? Se engana quem acredita que depois de conseguir aquele t\u00e3o sonhado cargo, n\u00e3o existir\u00e3o mais desafios. As capacita\u00e7\u00f5es profissionais s\u00e3o essenciais para aperfei\u00e7oar as aptid\u00f5es t\u00e9cnicas de um profissional. Fazer cursos de capacita\u00e7\u00e3o profissional \u00e9 uma caracter\u00edstica fundamental para se preparar profissionalmente para o mercado de trabalho, segundo nosso<\/p>\n","protected":false},"author":19,"featured_media":4157,"comment_status":"open","ping_status":"closed","sticky":false,"template":"","format":"standard","meta":{"_acf_changed":false,"inline_featured_image":false,"footnotes":""},"categories":[1],"tags":[520],"class_list":{"0":"post-3080","1":"post","2":"type-post","3":"status-publish","4":"format-standard","5":"has-post-thumbnail","7":"category-carreira","8":"tag-desenvolvimento-pessoal"},"acf":[],"ls_data":{"_yoast_wpseo_title":"Capacita\u00e7\u00e3o profissional: 4 oportunidades para investir","_yoast_wpseo_metadesc":"Entenda o que \u00e9 capacita\u00e7\u00e3o profissional, a diferen\u00e7a do treinamento e qualifica\u00e7\u00e3o e as principais formas de se capacitar profissionalmente.","_yoast_wpseo_meta-robots-noindex":"","_yoast_wpseo_meta-robots-nofollow":"","_aioseo_title":"","_aioseo_description":"","rank_math_title":"Capacita\u00e7\u00e3o profissional: veja em quais cursos investir","rank_math_description":"A capacita\u00e7\u00e3o profissional precisa ser constante na sua carreira. Clique e confira dicas e os principais benef\u00edcios na sua trajet\u00f3ria profissional!"},"_links":{"self":[{"href":"https:\/\/frons.com.br\/blog\/wp-json\/wp\/v2\/posts\/3080","targetHints":{"allow":["GET"]}}],"collection":[{"href":"https:\/\/frons.com.br\/blog\/wp-json\/wp\/v2\/posts"}],"about":[{"href":"https:\/\/frons.com.br\/blog\/wp-json\/wp\/v2\/types\/post"}],"author":[{"embeddable":true,"href":"https:\/\/frons.com.br\/blog\/wp-json\/wp\/v2\/users\/19"}],"replies":[{"embeddable":true,"href":"https:\/\/frons.com.br\/blog\/wp-json\/wp\/v2\/comments?post=3080"}],"version-history":[{"count":5,"href":"https:\/\/frons.com.br\/blog\/wp-json\/wp\/v2\/posts\/3080\/revisions"}],"predecessor-version":[{"id":12360,"href":"https:\/\/frons.com.br\/blog\/wp-json\/wp\/v2\/posts\/3080\/revisions\/12360"}],"wp:featuredmedia":[{"embeddable":true,"href":"https:\/\/frons.com.br\/blog\/wp-json\/wp\/v2\/media\/4157"}],"wp:attachment":[{"href":"https:\/\/frons.com.br\/blog\/wp-json\/wp\/v2\/media?parent=3080"}],"wp:term":[{"taxonomy":"category","embeddable":true,"href":"https:\/\/frons.com.br\/blog\/wp-json\/wp\/v2\/categories?post=3080"},{"taxonomy":"post_tag","embeddable":true,"href":"https:\/\/frons.com.br\/blog\/wp-json\/wp\/v2\/tags?post=3080"}],"curies":[{"name":"wp","href":"https:\/\/api.w.org\/{rel}","templated":true}]}}