{"id":354,"date":"2017-09-28T16:46:01","date_gmt":"2017-09-28T19:46:01","guid":{"rendered":"https:\/\/blog.frons.com.br\/?p=354"},"modified":"2025-07-03T08:54:36","modified_gmt":"2025-07-03T11:54:36","slug":"marketing-pessoal","status":"publish","type":"post","link":"https:\/\/frons.com.br\/blog\/gestao-empresarial\/marketing-pessoal\/","title":{"rendered":"O que \u00e9 marketing pessoal: conhe\u00e7a 10 dicas essenciais"},"content":{"rendered":"<div id=\"rank-math-howto\" class=\"rank-math-block\">\n<div class=\"rank-math-howto-description\">\n\n<p>Em um mercado cada vez mais competitivo, s\u00f3 consegue crescer aquele que se destaca na sua empresa e \u00e1rea de atua\u00e7\u00e3o. Al\u00e9m de talento, qualifica\u00e7\u00e3o, dedica\u00e7\u00e3o e compet\u00eancia, \u00e9 preciso aprender a como fazer marketing pessoal. Por isso, separamos as seguintes dicas:<\/p>\n\n<\/div>\n\n<div class=\"rank-math-steps \">\n<div id=\"howto-step-6304ead6a7633\" class=\"rank-math-step\">\n<div id=\"ez-toc-container\" class=\"ez-toc-v2_0_82_2 counter-hierarchy ez-toc-counter ez-toc-grey ez-toc-container-direction\">\n<div class=\"ez-toc-title-container\">\n<span class=\"ez-toc-title\" style=\"cursor:inherit\">\u00cdndice<\/span>\n<span class=\"ez-toc-title-toggle\"><a href=\"#\" class=\"ez-toc-pull-right ez-toc-btn ez-toc-btn-xs ez-toc-btn-default ez-toc-toggle\" aria-label=\"Alternar tabela de conte\u00fado\"><span class=\"ez-toc-js-icon-con\"><span class=\"\"><span class=\"eztoc-hide\" style=\"display:none;\">Toggle<\/span><span class=\"ez-toc-icon-toggle-span\"><svg style=\"fill: #999;color:#999\" xmlns=\"http:\/\/www.w3.org\/2000\/svg\" class=\"list-377408\" width=\"20px\" height=\"20px\" viewBox=\"0 0 24 24\" fill=\"none\"><path d=\"M6 6H4v2h2V6zm14 0H8v2h12V6zM4 11h2v2H4v-2zm16 0H8v2h12v-2zM4 16h2v2H4v-2zm16 0H8v2h12v-2z\" fill=\"currentColor\"><\/path><\/svg><svg style=\"fill: #999;color:#999\" class=\"arrow-unsorted-368013\" xmlns=\"http:\/\/www.w3.org\/2000\/svg\" width=\"10px\" height=\"10px\" viewBox=\"0 0 24 24\" version=\"1.2\" baseProfile=\"tiny\"><path d=\"M18.2 9.3l-6.2-6.3-6.2 6.3c-.2.2-.3.4-.3.7s.1.5.3.7c.2.2.4.3.7.3h11c.3 0 .5-.1.7-.3.2-.2.3-.5.3-.7s-.1-.5-.3-.7zM5.8 14.7l6.2 6.3 6.2-6.3c.2-.2.3-.5.3-.7s-.1-.5-.3-.7c-.2-.2-.4-.3-.7-.3h-11c-.3 0-.5.1-.7.3-.2.2-.3.5-.3.7s.1.5.3.7z\"\/><\/svg><\/span><\/span><\/span><\/a><\/span><\/div>\n<nav><ul class='ez-toc-list ez-toc-list-level-1 ' ><ul class='ez-toc-list-level-3' ><li class='ez-toc-heading-level-3'><a class=\"ez-toc-link ez-toc-heading-1\" href=\"#\" data-href=\"https:\/\/frons.com.br\/blog\/gestao-empresarial\/marketing-pessoal\/#Cuide_da_sua_aparencia\" >Cuide da sua apar\u00eancia<\/a><\/li><li class='ez-toc-page-1 ez-toc-heading-level-3'><a class=\"ez-toc-link ez-toc-heading-2\" href=\"#\" data-href=\"https:\/\/frons.com.br\/blog\/gestao-empresarial\/marketing-pessoal\/#Desenvolva_um_perfil_de_lideranca\" >Desenvolva um perfil de lideran\u00e7a<\/a><\/li><li class='ez-toc-page-1 ez-toc-heading-level-3'><a class=\"ez-toc-link ez-toc-heading-3\" href=\"#\" data-href=\"https:\/\/frons.com.br\/blog\/gestao-empresarial\/marketing-pessoal\/#Melhore_as_suas_habilidades_de_comunicacao\" >Melhore as suas habilidades de comunica\u00e7\u00e3o<\/a><\/li><li class='ez-toc-page-1 ez-toc-heading-level-3'><a class=\"ez-toc-link ez-toc-heading-4\" href=\"#\" data-href=\"https:\/\/frons.com.br\/blog\/gestao-empresarial\/marketing-pessoal\/#Esteja_preparado_para_resolver_problemas\" >Esteja preparado para resolver problemas<\/a><\/li><li class='ez-toc-page-1 ez-toc-heading-level-3'><a class=\"ez-toc-link ez-toc-heading-5\" href=\"#\" data-href=\"https:\/\/frons.com.br\/blog\/gestao-empresarial\/marketing-pessoal\/#Seja_proativo_e_criativo\" >Seja proativo e criativo<\/a><\/li><li class='ez-toc-page-1 ez-toc-heading-level-3'><a class=\"ez-toc-link ez-toc-heading-6\" href=\"#\" data-href=\"https:\/\/frons.com.br\/blog\/gestao-empresarial\/marketing-pessoal\/#Sempre_busque_qualificacao_profissional\" >Sempre busque qualifica\u00e7\u00e3o profissional<\/a><\/li><li class='ez-toc-page-1 ez-toc-heading-level-3'><a class=\"ez-toc-link ez-toc-heading-7\" href=\"#\" data-href=\"https:\/\/frons.com.br\/blog\/gestao-empresarial\/marketing-pessoal\/#Saiba_trabalhar_em_equipe\" >Saiba trabalhar em equipe<\/a><\/li><li class='ez-toc-page-1 ez-toc-heading-level-3'><a class=\"ez-toc-link ez-toc-heading-8\" href=\"#\" data-href=\"https:\/\/frons.com.br\/blog\/gestao-empresarial\/marketing-pessoal\/#Construa_uma_rede_de_contatos_solida\" >Construa uma rede de contatos s\u00f3lida<\/a><\/li><li class='ez-toc-page-1 ez-toc-heading-level-3'><a class=\"ez-toc-link ez-toc-heading-9\" href=\"#\" data-href=\"https:\/\/frons.com.br\/blog\/gestao-empresarial\/marketing-pessoal\/#Tenha_comprometimento_com_o_seu_trabalho\" >Tenha comprometimento com o seu trabalho<\/a><\/li><li class='ez-toc-page-1 ez-toc-heading-level-3'><a class=\"ez-toc-link ez-toc-heading-10\" href=\"#\" data-href=\"https:\/\/frons.com.br\/blog\/gestao-empresarial\/marketing-pessoal\/#Desenvolva_uma_visao_estrategica\" >Desenvolva uma vis\u00e3o estrat\u00e9gica<\/a><\/li><\/ul><\/li><li class='ez-toc-page-1 ez-toc-heading-level-2'><a class=\"ez-toc-link ez-toc-heading-11\" href=\"#\" data-href=\"https:\/\/frons.com.br\/blog\/gestao-empresarial\/marketing-pessoal\/#O_que_e_marketing_pessoal\" >O que \u00e9 marketing pessoal?<\/a><\/li><li class='ez-toc-page-1 ez-toc-heading-level-2'><a class=\"ez-toc-link ez-toc-heading-12\" href=\"#\" data-href=\"https:\/\/frons.com.br\/blog\/gestao-empresarial\/marketing-pessoal\/#10_dicas_de_como_fazer_marketing_pessoal\" >10 dicas de como fazer marketing pessoal<\/a><ul class='ez-toc-list-level-3' ><li class='ez-toc-heading-level-3'><a class=\"ez-toc-link ez-toc-heading-13\" href=\"#\" data-href=\"https:\/\/frons.com.br\/blog\/gestao-empresarial\/marketing-pessoal\/#1_Cuide_da_sua_aparencia\" >1. Cuide da sua apar\u00eancia<\/a><\/li><li class='ez-toc-page-1 ez-toc-heading-level-3'><a class=\"ez-toc-link ez-toc-heading-14\" href=\"#\" data-href=\"https:\/\/frons.com.br\/blog\/gestao-empresarial\/marketing-pessoal\/#2_Desenvolva_um_perfil_de_lideranca\" >2. Desenvolva um perfil de lideran\u00e7a<\/a><\/li><li class='ez-toc-page-1 ez-toc-heading-level-3'><a class=\"ez-toc-link ez-toc-heading-15\" href=\"#\" data-href=\"https:\/\/frons.com.br\/blog\/gestao-empresarial\/marketing-pessoal\/#3_Melhore_as_suas_habilidades_de_comunicacao\" >3. Melhore as suas habilidades de comunica\u00e7\u00e3o<\/a><\/li><li class='ez-toc-page-1 ez-toc-heading-level-3'><a class=\"ez-toc-link ez-toc-heading-16\" href=\"#\" data-href=\"https:\/\/frons.com.br\/blog\/gestao-empresarial\/marketing-pessoal\/#4_Esteja_preparado_para_resolver_problemas\" >4. Esteja preparado para resolver problemas<\/a><\/li><li class='ez-toc-page-1 ez-toc-heading-level-3'><a class=\"ez-toc-link ez-toc-heading-17\" href=\"#\" data-href=\"https:\/\/frons.com.br\/blog\/gestao-empresarial\/marketing-pessoal\/#5_Seja_proativo_e_criativo\" >5. Seja proativo e criativo<\/a><\/li><li class='ez-toc-page-1 ez-toc-heading-level-3'><a class=\"ez-toc-link ez-toc-heading-18\" href=\"#\" data-href=\"https:\/\/frons.com.br\/blog\/gestao-empresarial\/marketing-pessoal\/#6_Sempre_busque_qualificacao_profissional\" >6. Sempre busque qualifica\u00e7\u00e3o profissional<\/a><\/li><li class='ez-toc-page-1 ez-toc-heading-level-3'><a class=\"ez-toc-link ez-toc-heading-19\" href=\"#\" data-href=\"https:\/\/frons.com.br\/blog\/gestao-empresarial\/marketing-pessoal\/#7_Saiba_trabalhar_em_equipe\" >7. Saiba trabalhar em equipe<\/a><\/li><li class='ez-toc-page-1 ez-toc-heading-level-3'><a class=\"ez-toc-link ez-toc-heading-20\" href=\"#\" data-href=\"https:\/\/frons.com.br\/blog\/gestao-empresarial\/marketing-pessoal\/#8_Construa_uma_rede_de_contatos_solida\" >8. Construa uma rede de contatos s\u00f3lida<\/a><\/li><li class='ez-toc-page-1 ez-toc-heading-level-3'><a class=\"ez-toc-link ez-toc-heading-21\" href=\"#\" data-href=\"https:\/\/frons.com.br\/blog\/gestao-empresarial\/marketing-pessoal\/#9_Tenha_comprometimento_com_o_seu_trabalho\" >9. Tenha comprometimento com o seu trabalho<\/a><\/li><li class='ez-toc-page-1 ez-toc-heading-level-3'><a class=\"ez-toc-link ez-toc-heading-22\" href=\"#\" data-href=\"https:\/\/frons.com.br\/blog\/gestao-empresarial\/marketing-pessoal\/#10_Desenvolva_uma_visao_estrategica\" >10. Desenvolva uma vis\u00e3o estrat\u00e9gica<\/a><\/li><\/ul><\/li><li class='ez-toc-page-1 ez-toc-heading-level-2'><a class=\"ez-toc-link ez-toc-heading-23\" href=\"#\" data-href=\"https:\/\/frons.com.br\/blog\/gestao-empresarial\/marketing-pessoal\/#Como_aprimorar_as_habilidades_profissionais\" >Como aprimorar as habilidades profissionais?<\/a><\/li><\/ul><\/nav><\/div>\n<h3 class=\"rank-math-step-title \"><span class=\"ez-toc-section\" id=\"Cuide_da_sua_aparencia\"><\/span>Cuide da sua apar\u00eancia<span class=\"ez-toc-section-end\"><\/span><\/h3>\n<div class=\"rank-math-step-content \"><\/div>\n<\/div>\n<div id=\"howto-step-6304ead6a7638\" class=\"rank-math-step\">\n<h3 class=\"rank-math-step-title \"><span class=\"ez-toc-section\" id=\"Desenvolva_um_perfil_de_lideranca\"><\/span>Desenvolva um perfil de lideran\u00e7a<span class=\"ez-toc-section-end\"><\/span><\/h3>\n<div class=\"rank-math-step-content \"><\/div>\n<\/div>\n<div id=\"howto-step-6304ead6a7639\" class=\"rank-math-step\">\n<h3 class=\"rank-math-step-title \"><span class=\"ez-toc-section\" id=\"Melhore_as_suas_habilidades_de_comunicacao\"><\/span>Melhore as suas habilidades de comunica\u00e7\u00e3o<span class=\"ez-toc-section-end\"><\/span><\/h3>\n<div class=\"rank-math-step-content \"><\/div>\n<\/div>\n<div id=\"howto-step-6304ead6a763a\" class=\"rank-math-step\">\n<h3 class=\"rank-math-step-title \"><span class=\"ez-toc-section\" id=\"Esteja_preparado_para_resolver_problemas\"><\/span>Esteja preparado para resolver problemas<span class=\"ez-toc-section-end\"><\/span><\/h3>\n<div class=\"rank-math-step-content \"><\/div>\n<\/div>\n<div id=\"howto-step-6304ead6a763b\" class=\"rank-math-step\">\n<h3 class=\"rank-math-step-title \"><span class=\"ez-toc-section\" id=\"Seja_proativo_e_criativo\"><\/span>Seja proativo e criativo<span class=\"ez-toc-section-end\"><\/span><\/h3>\n<div class=\"rank-math-step-content \"><\/div>\n<\/div>\n<div id=\"howto-step-6304ead6a763c\" class=\"rank-math-step\">\n<h3 class=\"rank-math-step-title \"><span class=\"ez-toc-section\" id=\"Sempre_busque_qualificacao_profissional\"><\/span>Sempre busque qualifica\u00e7\u00e3o profissional<span class=\"ez-toc-section-end\"><\/span><\/h3>\n<div class=\"rank-math-step-content \"><\/div>\n<\/div>\n<div id=\"howto-step-6304ead6a763d\" class=\"rank-math-step\">\n<h3 class=\"rank-math-step-title \"><span class=\"ez-toc-section\" id=\"Saiba_trabalhar_em_equipe\"><\/span>Saiba trabalhar em equipe<span class=\"ez-toc-section-end\"><\/span><\/h3>\n<div class=\"rank-math-step-content \"><\/div>\n<\/div>\n<div id=\"howto-step-6304ead6a763e\" class=\"rank-math-step\">\n<h3 class=\"rank-math-step-title \"><span class=\"ez-toc-section\" id=\"Construa_uma_rede_de_contatos_solida\"><\/span>Construa uma rede de contatos s\u00f3lida<span class=\"ez-toc-section-end\"><\/span><\/h3>\n<div class=\"rank-math-step-content \"><\/div>\n<\/div>\n<div id=\"howto-step-6304ead6a763f\" class=\"rank-math-step\">\n<h3 class=\"rank-math-step-title \"><span class=\"ez-toc-section\" id=\"Tenha_comprometimento_com_o_seu_trabalho\"><\/span>Tenha comprometimento com o seu trabalho<span class=\"ez-toc-section-end\"><\/span><\/h3>\n<div class=\"rank-math-step-content \"><\/div>\n<\/div>\n<div id=\"howto-step-6304ead6a7640\" class=\"rank-math-step\">\n<h3 class=\"rank-math-step-title \"><span class=\"ez-toc-section\" id=\"Desenvolva_uma_visao_estrategica\"><\/span>Desenvolva uma vis\u00e3o estrat\u00e9gica<span class=\"ez-toc-section-end\"><\/span><\/h3>\n<div class=\"rank-math-step-content \"><\/div>\n<\/div>\n<\/div>\n<\/div>\n\n\n<p>Mas o que \u00e9 marketing pessoal? Consiste em um conjunto de t\u00e1ticas que tem como meta atribuir mais valor e fortalecer a imagem de um profissional no ambiente de trabalho, fazendo com que ele se torne refer\u00eancia em uma determinada atividade ou assunto.<\/p>\n\n\n\n<p>Entre essas estrat\u00e9gias est\u00e3o alguns comportamentos e atitudes importantes que podem ser facilmente adotados no seu dia a dia. Logo, entra em jogo a necessidade de entender como fazer marketing pessoal.<\/p>\n\n\n\n<p>Para te ajudar, explicamos neste artigo o que \u00e9 marketing pessoal e reunimos 10 dicas preciosas para voc\u00ea aprender como criar um marketing pessoal de maneira correta e eficiente. Confira!<\/p>\n\n\n\n<h2 class=\"wp-block-heading\" id=\"o-que-e-marketing-pessoal\"><span class=\"ez-toc-section\" id=\"O_que_e_marketing_pessoal\"><\/span>O que \u00e9 marketing pessoal?<span class=\"ez-toc-section-end\"><\/span><\/h2>\n\n\n\n<p>O marketing pessoal \u00e9 um conceito que define uma s\u00e9rie de estrat\u00e9gias que possuem o intuito de construir a sua pr\u00f3pria imagem profissional. \u00c9 como se voc\u00ea fosse a marca que est\u00e1 sendo trabalhada para se tornar uma refer\u00eancia na \u00e1rea em que atua.<\/p>\n\n\n\n<p>Como, hoje em dia, o mercado profissional est\u00e1 extremamente competitivo, \u00e9 essencial trabalhar bem o seu marketing pessoal com o objetivo de tornar as suas habilidades conhecidas por todos.<\/p>\n\n\n\n<p>Esse posicionamento agrega muito valor \u00e0 sua imagem profissional, possibilitando conquistar clientes ou ter vantagens em processos seletivos.<\/p>\n\n\n\n<p>Sendo assim, \u00e9 fundamental que voc\u00ea procure entender o que \u00e9 marketing pessoal e se esforce para aplic\u00e1-lo em sua vida profissional.<\/p>\n\n\n\n<h2 class=\"wp-block-heading\" id=\"10-dicas-de-como-fazer-marketing-pessoal\"><span class=\"ez-toc-section\" id=\"10_dicas_de_como_fazer_marketing_pessoal\"><\/span>10 dicas de como fazer marketing pessoal<span class=\"ez-toc-section-end\"><\/span><\/h2>\n\n\n\n<p>Se voc\u00ea quer aprender como fazer marketing pessoal, este artigo \u00e9 perfeito. Separamos algumas dicas eficientes para divulgar as suas melhores habilidades. Continue acompanhando.<\/p>\n\n\n\n<h3 class=\"wp-block-heading\" id=\"1-cuide-da-sua-aparencia\"><span class=\"ez-toc-section\" id=\"1_Cuide_da_sua_aparencia\"><\/span>1. Cuide da sua apar\u00eancia<span class=\"ez-toc-section-end\"><\/span><\/h3>\n\n\n\n<p>Voc\u00ea n\u00e3o precisa mudar o seu estilo de se vestir, gastando dinheiro com roupas mais caras, nem se transformar em um modelo.&nbsp;<\/p>\n\n\n\n<p>Mas, dentro de um modelo de marketing pessoal, \u00e9 fundamental manter uma apar\u00eancia impec\u00e1vel.<\/p>\n\n\n\n<p>Por isso, vista-se sempre bem e escolha pe\u00e7as adequadas ao seu ambiente de trabalho e \u00e0s pessoas com quem vai lidar, tais como clientes, parceiros, poss\u00edveis investidores, etc.<\/p>\n\n\n\n<p>Uma pessoa que cuida do visual transmite mais confian\u00e7a. Lembre-se disso!<\/p>\n\n\n\n<h3 class=\"wp-block-heading\" id=\"2-desenvolva-um-perfil-de-lideranca\"><span class=\"ez-toc-section\" id=\"2_Desenvolva_um_perfil_de_lideranca\"><\/span>2. Desenvolva um perfil de lideran\u00e7a<span class=\"ez-toc-section-end\"><\/span><\/h3>\n\n\n\n<p>Um bom profissional \u00e9 aquele que tem a capacidade de influenciar e inspirar as pessoas ao seu redor e, assim, lider\u00e1-las.&nbsp;<\/p>\n\n\n\n<p>Essa \u00e9 uma qualidade muito admirada pelo mercado de trabalho e, portanto, uma estrat\u00e9gia fundamental para quem quer aprender a como fazer um bom marketing pessoal.<\/p>\n\n\n\n<p>Mas n\u00e3o estamos falando de l\u00edderes que fazem esse papel apenas porque assumiram um cargo importante na empresa onde trabalham. Trata-se de uma postura que pode ser exercida em qualquer posi\u00e7\u00e3o.<\/p>\n\n\n\n<p>Conhe\u00e7a algumas dicas de como desenvolver um perfil de <a href=https:\/\/frons.com.br\/blog\/category\/carreira\/ target=\"_blank\" rel=\"noreferrer noopener\">lideran\u00e7a<\/a> no v\u00eddeo abaixo, da S\u00f3lides Tecnologia:<\/p>\n\n\n\n<figure class=\"wp-block-embed is-type-video is-provider-youtube wp-block-embed-youtube wp-embed-aspect-16-9 wp-has-aspect-ratio\"><div class=\"wp-block-embed__wrapper\">\n<iframe title=\"4 passos para o desenvolvimento de lideran\u00e7a\" width=\"770\" height=\"433\" src=\"https:\/\/www.youtube.com\/embed\/qScsE7pHysc?feature=oembed&#038;enablejsapi=1&#038;origin=https:\/\/frons.com.br\" frameborder=\"0\" allow=\"accelerometer; autoplay; clipboard-write; encrypted-media; gyroscope; picture-in-picture\" allowfullscreen><\/iframe>\n<\/div><\/figure>\n\n\n\n<h3 class=\"wp-block-heading\" id=\"3-melhore-as-suas-habilidades-de-comunicacao\"><span class=\"ez-toc-section\" id=\"3_Melhore_as_suas_habilidades_de_comunicacao\"><\/span>3. Melhore as suas habilidades de comunica\u00e7\u00e3o<span class=\"ez-toc-section-end\"><\/span><\/h3>\n\n\n\n<p>Para alcan\u00e7ar seus objetivos \u00e9 preciso saber se expressar bem, de forma correta e com o m\u00e1ximo de clareza.&nbsp;<\/p>\n\n\n\n<p>Um dos melhores exemplos de marketing pessoal est\u00e1 na adequa\u00e7\u00e3o da sua linguagem, evitando g\u00edrias e dominando os jarg\u00f5es da sua \u00e1rea de atua\u00e7\u00e3o, que dever\u00e3o ser utilizados somente com as pessoas que compartilham desse conhecimento.<\/p>\n\n\n\n<p>Tenha um cuidado especial com a comunica\u00e7\u00e3o escrita. Ao escrever comunicados, e-mails e relat\u00f3rios, por exemplo, use uma linguagem mais formal e aplique corretores de texto para n\u00e3o cometer erros de ortografia que poder\u00e3o comprometer a sua imagem e a da empresa.<\/p>\n\n\n\n<h3 class=\"wp-block-heading\" id=\"4-esteja-preparado-para-resolver-problemas\"><span class=\"ez-toc-section\" id=\"4_Esteja_preparado_para_resolver_problemas\"><\/span>4. Esteja preparado para resolver problemas<span class=\"ez-toc-section-end\"><\/span><\/h3>\n\n\n\n<p>N\u00e3o adianta nada apenas fazer o que \u00e9 solicitado. \u00c9 preciso estar sempre atento a tudo que acontece na empresa para propor, por exemplo, alguma melhoria em um determinado processo, a fim de <a href=\"https:\/\/frons.com.br\/blog\/produtividade\/otimizar-resultados\/\" target=\"_blank\" rel=\"noreferrer noopener\">otimizar resultados<\/a>.<\/p>\n\n\n\n<p>Fique atento ao seu redor e, se perceber que um colega est\u00e1 tendo problemas, proponha-se a ajud\u00e1-lo.&nbsp;<\/p>\n\n\n\n<p>Com essas atitudes, voc\u00ea vai se destacar e ser lembrado como o resolvedor de problemas. Algo essencial para a sua estrat\u00e9gia de marketing pessoal.<\/p>\n\n\n\n<h3 class=\"wp-block-heading\" id=\"5-seja-proativo-e-criativo\"><span class=\"ez-toc-section\" id=\"5_Seja_proativo_e_criativo\"><\/span>5. Seja proativo e criativo<span class=\"ez-toc-section-end\"><\/span><\/h3>\n\n\n\n<p>Voc\u00ea concorda que alguns problemas podem ser evitados se voc\u00ea estiver atento o bastante para se antecipar a eles?&nbsp;<\/p>\n\n\n\n<p>Dentro do modelo de marketing pessoal voc\u00ea n\u00e3o deve esperar que uma falha aconte\u00e7a e atrapalhe o seu trabalho e dos colegas.<\/p>\n\n\n\n<p>Seja proativo e pense, o tempo todo, em solu\u00e7\u00f5es vi\u00e1veis. Encontrar essas solu\u00e7\u00f5es exige tamb\u00e9m uma boa dose de criatividade.&nbsp;<\/p>\n\n\n\n<p>Portanto, procure estimular sempre o seu lado criativo, fazendo cursos, viagens, lendo livros, jornais e revistas, entre outras estrat\u00e9gias de marketing pessoal.<\/p>\n\n\n\n<p>Quer conhecer boas dicas para crescer profissionalmente e se <a href=https:\/\/frons.com.br\/blog\/category\/carreira\/ target=\"_blank\" rel=\"noreferrer noopener\">destacar no mercado de trabalho<\/a>? Veja ao v\u00eddeo abaixo:<\/p>\n\n\n\n<figure class=\"wp-block-embed is-type-video is-provider-youtube wp-block-embed-youtube wp-embed-aspect-16-9 wp-has-aspect-ratio\"><div class=\"wp-block-embed__wrapper\">\n<iframe title=\"Como me PREPARAR PROFISSIONALMENTE e SER DESTAQUE no mercado de trabalho?\" width=\"770\" height=\"433\" src=\"https:\/\/www.youtube.com\/embed\/4_5aq-8ZjxI?feature=oembed&#038;enablejsapi=1&#038;origin=https:\/\/frons.com.br\" frameborder=\"0\" allow=\"accelerometer; autoplay; clipboard-write; encrypted-media; gyroscope; picture-in-picture\" allowfullscreen><\/iframe>\n<\/div><\/figure>\n\n\n\n<h3 class=\"wp-block-heading\" id=\"6-sempre-busque-qualificacao-profissional\"><span class=\"ez-toc-section\" id=\"6_Sempre_busque_qualificacao_profissional\"><\/span>6. Sempre busque qualifica\u00e7\u00e3o profissional<span class=\"ez-toc-section-end\"><\/span><\/h3>\n\n\n\n<p>Hoje em dia, qualifica\u00e7\u00e3o \u00e9 regra para quem quer conquistar um bom emprego, ser promovido ou simplesmente se destacar na profiss\u00e3o.<\/p>\n\n\n\n<p>Afinal, dessa forma voc\u00ea pode desenvolver novas compet\u00eancias t\u00e9cnicas, al\u00e9m de se manter sempre atualizado sobre as novidades e tend\u00eancias do mercado.<\/p>\n\n\n\n<p>\u00c9 muito importante se planejar financeiramente para investir em cursos de <a href=\"https:\/\/frons.com.br\/blog\/carreira\/capacitacao-profissional\/\" target=\"_blank\" rel=\"noreferrer noopener\">capacita\u00e7\u00e3o profissional<\/a> na sua \u00e1rea de trabalho.<\/p>\n\n\n\n<p>Mas com a internet tamb\u00e9m \u00e9 poss\u00edvel ter acesso gratuito a conte\u00fados de qualidade e relevantes para a sua forma\u00e7\u00e3o.<\/p>\n\n\n\n<p>Como \u00e9 o caso do nosso <a href=\"https:\/\/frons.com.br\/curso\/white-belt-lean-seis-sigma\/\" target=\"_blank\" rel=\"noreferrer noopener\">curso online e gratuito em White Belt &#8211; Lean Seis Sigma<\/a>. Ele apresenta os fundamentos da metodologia, ajudando voc\u00ea come\u00e7ar a entender como reduzir variabilidades, custos, falhas e desperd\u00edcios de processos.<\/p>\n\n\n\n<p>Al\u00e9m disso, a certifica\u00e7\u00e3o conta com apostila exclusiva, exerc\u00edcios para praticar, suporte de consultores qualificados e certificado reconhecido pela Associa\u00e7\u00e3o Brasileira de Educa\u00e7\u00e3o a Dist\u00e2ncia (ABED) e pelo The Council for Six Sigma Certification. <a href=\"https:\/\/frons.com.br\/planos\" target=\"_blank\" rel=\"noreferrer noopener\">Inscreva-se aqui<\/a>!<\/p>\n\n\n\n<h3 class=\"wp-block-heading\" id=\"7-saiba-trabalhar-em-equipe\"><span class=\"ez-toc-section\" id=\"7_Saiba_trabalhar_em_equipe\"><\/span>7. Saiba trabalhar em equipe<span class=\"ez-toc-section-end\"><\/span><\/h3>\n\n\n\n<p>Se voc\u00ea quer aprender a como fazer marketing pessoal \u00e9 preciso aprender a trabalhar em equipe.<\/p>\n\n\n\n<p>A capacidade de fazer um <a href=\"https:\/\/frons.com.br\/blog\/gestao-empresarial\/dificuldades-no-trabalho-em-equipe\/\" target=\"_blank\" rel=\"noreferrer noopener\">trabalho em equipe<\/a> \u00e9 outra habilidade muito valorizada nas empresas e, por isso, deve fazer parte dos modelos de marketing pessoal.<\/p>\n\n\n\n<p>Cada vez mais as organiza\u00e7\u00f5es buscam pessoas que pensam como grupo e se mostram dispostas a compartilhar conhecimentos.<\/p>\n\n\n\n<p>Al\u00e9m disso, \u00e9 importante tamb\u00e9m ter flexibilidade e habilidade para se relacionar bem com os colegas e conseguir <a href=\"http:\/\/www.agendor.com.br\/blog\/conflitos-no-trabalho-em-equipe\/\" target=\"_blank\" rel=\"noreferrer noopener\">administrar os conflitos<\/a> (alguns inevit\u00e1veis) da melhor forma poss\u00edvel.<\/p>\n\n\n\n<h3 class=\"wp-block-heading\" id=\"8-construa-uma-rede-de-contatos-solida\"><span class=\"ez-toc-section\" id=\"8_Construa_uma_rede_de_contatos_solida\"><\/span>8. Construa uma rede de contatos s\u00f3lida<span class=\"ez-toc-section-end\"><\/span><\/h3>\n\n\n\n<p>A rede de relacionamentos de um profissional, chamada de <a href=\"https:\/\/frons.com.br\/blog\/carreira\/como-fazer-networking\/\" target=\"_blank\" rel=\"noreferrer noopener\">networking<\/a>, \u00e9 fundamental para encontrar boas oportunidades de trabalho, fazer parcerias e adquirir conhecimentos.<\/p>\n\n\n\n<p>Esses contatos estrat\u00e9gicos tamb\u00e9m ajudam voc\u00ea a criar uma imagem positiva no mercado, e s\u00e3o bons exemplos de marketing pessoal.<\/p>\n\n\n\n<p>Por isso, uma boa dica de como fazer marketing pessoal \u00e9 frequentar eventos da sua \u00e1rea, como workshops, palestras, congressos e semin\u00e1rios. \u00c9 nessas oportunidades que voc\u00ea vai encontrar e poder fazer um primeiro contato com colegas de profiss\u00e3o.<\/p>\n\n\n\n<h3 class=\"wp-block-heading\" id=\"9-tenha-comprometimento-com-o-seu-trabalho\"><span class=\"ez-toc-section\" id=\"9_Tenha_comprometimento_com_o_seu_trabalho\"><\/span>9. Tenha comprometimento com o seu trabalho<span class=\"ez-toc-section-end\"><\/span><\/h3>\n\n\n\n<p>O que \u00e9 marketing pessoal e profissional? Nesses casos apresentados at\u00e9 agora eles se misturam.&nbsp;<\/p>\n\n\n\n<p>Parece \u00f3bvio que um profissional deve ter comprometimento, n\u00e3o \u00e9 mesmo? Mas muita gente ainda falha nesse quesito, seja por se atrasar em compromissos importantes ou perder o prazo para entregar tarefas.<\/p>\n\n\n\n<p>Jamais fa\u00e7a parte desse grupo de pessoas e se destaque por estar engajado com o crescimento do neg\u00f3cio.&nbsp;<\/p>\n\n\n\n<p>Assim, atividades e desafios importantes para o futuro da empresa poder\u00e3o ser confiados a voc\u00ea.<\/p>\n\n\n\n<h3 class=\"wp-block-heading\" id=\"10-desenvolva-uma-visao-estrategica\"><span class=\"ez-toc-section\" id=\"10_Desenvolva_uma_visao_estrategica\"><\/span>10. Desenvolva uma vis\u00e3o estrat\u00e9gica<span class=\"ez-toc-section-end\"><\/span><\/h3>\n\n\n\n<p>A constru\u00e7\u00e3o de uma imagem positiva est\u00e1 relacionada tamb\u00e9m com a capacidade do profissional de ter uma vis\u00e3o mais ampla sobre os cen\u00e1rios que se apresentam para a \u00e1rea na qual atua.&nbsp;<\/p>\n\n\n\n<p>S\u00e3o essas pessoas que \u201cenxergam\u201d primeiro as mudan\u00e7as e poder\u00e3o ajudar suas empresas a se adaptarem a elas.<\/p>\n\n\n\n<p>Adequando essas e outras estrat\u00e9gias ao seu perfil e <a href=\"http:\/\/blog.safetec.com.br\/colaboracao\/ideais-para-melhorar-o-ambiente-de-trabalho\/\" target=\"_blank\" rel=\"noreferrer noopener\">ambiente de trabalho<\/a>, voc\u00ea certamente estar\u00e1 no caminho certo para responder o que \u00e9 marketing pessoal e profissional, construindo uma imagem bastante positiva.<\/p>\n\n\n\n<p>Dessa forma, voc\u00ea aprender\u00e1 a como fazer marketing pessoal e mais, poder\u00e1 se tornar um profissional reconhecido e valorizado pelos seus talentos e habilidades, come\u00e7ando a trilhar uma carreira de muito sucesso.<\/p>\n\n\n\n<h2 class=\"wp-block-heading\" id=\"como-aprimorar-as-habilidades-profissionais\"><span class=\"ez-toc-section\" id=\"Como_aprimorar_as_habilidades_profissionais\"><\/span>Como aprimorar as habilidades profissionais?<span class=\"ez-toc-section-end\"><\/span><\/h2>\n\n\n\n<p>Um dos melhores caminhos para se destacar em sua \u00e1rea profissional \u00e9 fazer cursos online, pois ele te ajudam a se manter atualizado.<\/p>\n\n\n\n<p>E a metodologia do <a href=https:\/\/frons.com.br\/blog\/category\/gestao-empresarial\/ target=\"_blank\" rel=\"noreferrer noopener\">Lean Seis Sigma<\/a> \u00e9 um dos assuntos mais valiosos que voc\u00ea pode aprender, porque ela \u00e9 voltada \u00e0 melhoria cont\u00ednua dos processos de uma empresa.<\/p>\n\n\n\n<p>Isso \u00e9 algo que agrega muito valor a um candidato, uma vez que a otimiza\u00e7\u00e3o de processos pode resultar em grandes aumentos de lucro.<\/p>\n\n\n\n<p>Caso voc\u00ea queira entender mais sobre o assunto, pode iniciar os estudos pelo nosso curso gratuito em White Belt apresentado anteriormente ou pode se inscrever na <a href=\"https:\/\/frons.com.br\/curso\/certificacao-yellow-belt-lean-six-sigma-online\/\" target=\"_blank\" rel=\"noreferrer noopener\">certifica\u00e7\u00e3o online em Yellow Belt &#8211; Lean Seis Sigma<\/a>.<\/p>\n\n\n\n<p>Ela apresenta conceitos e ferramentas de n\u00edvel intermedi\u00e1rio que te ajudam a contribuir melhor na resolu\u00e7\u00e3o de problemas e no trabalho em equipe. <a href=\"https:\/\/frons.com.br\/checkout\/certificacao-yellow-belt-six-sigma-online\" target=\"_blank\" rel=\"noreferrer noopener\">Inscreva-se aqui<\/a>!<\/p>\n\n\n\n<p>Gostou do nosso post e quer saber mais sobre o que \u00e9 marketing pessoal e outros assuntos relacionados \u00e0 forma\u00e7\u00e3o e capacita\u00e7\u00e3o profissional? Ent\u00e3o siga-nos nas m\u00eddias sociais \u2013 <a href=\"https:\/\/www.facebook.com\/caetreinamentos\/?utm_source=blog&amp;utm_campaign=rc_blogpost\" target=\"_blank\" rel=\"noreferrer noopener\">Facebook<\/a>, <a href=\"https:\/\/www.linkedin.com\/company\/10989445\/?utm_source=blog&amp;utm_campaign=rc_blogpost\" target=\"_blank\" rel=\"noreferrer noopener\">Linkedin<\/a> e <a href=\"https:\/\/www.youtube.com\/channel\/UCmkG25NvqcZ0kOgHiXQn2Zw?\" target=\"_blank\" rel=\"noreferrer noopener\">Youtube<\/a> \u2013 e fique por dentro de todos os nossos conte\u00fados.<\/p>\n\n\n\n<p>Este conte\u00fado foi escrito pela <a href=\"https:\/\/frons.com.br\/\" target=\"_blank\" rel=\"noreferrer noopener\">Frons<\/a>. Somos uma empresa formada por engenheiros capacitados, voltada para a forma\u00e7\u00e3o e capacita\u00e7\u00e3o de profissionais para o mercado de trabalho.<\/p>\n\n\n<div class=\"kk-star-ratings kksr-auto kksr-align-left kksr-valign-bottom\"\n    data-payload='{&quot;align&quot;:&quot;left&quot;,&quot;id&quot;:&quot;354&quot;,&quot;slug&quot;:&quot;default&quot;,&quot;valign&quot;:&quot;bottom&quot;,&quot;ignore&quot;:&quot;&quot;,&quot;reference&quot;:&quot;auto&quot;,&quot;class&quot;:&quot;&quot;,&quot;count&quot;:&quot;1&quot;,&quot;legendonly&quot;:&quot;&quot;,&quot;readonly&quot;:&quot;&quot;,&quot;score&quot;:&quot;5&quot;,&quot;starsonly&quot;:&quot;&quot;,&quot;best&quot;:&quot;5&quot;,&quot;gap&quot;:&quot;5&quot;,&quot;greet&quot;:&quot;Avalie esse post&quot;,&quot;legend&quot;:&quot;5\\\/5 - (1 voto)&quot;,&quot;size&quot;:&quot;24&quot;,&quot;title&quot;:&quot;O que \u00e9 marketing pessoal: conhe\u00e7a 10 dicas essenciais&quot;,&quot;width&quot;:&quot;142.5&quot;,&quot;_legend&quot;:&quot;{score}\\\/{best} - ({count} {votes})&quot;,&quot;font_factor&quot;:&quot;1.25&quot;}'>\n            \n<div class=\"kksr-stars\">\n    \n<div class=\"kksr-stars-inactive\">\n            <div class=\"kksr-star\" data-star=\"1\" style=\"padding-right: 5px\">\n            \n\n<div class=\"kksr-icon\" style=\"width: 24px; height: 24px;\"><\/div>\n        <\/div>\n            <div class=\"kksr-star\" data-star=\"2\" style=\"padding-right: 5px\">\n            \n\n<div class=\"kksr-icon\" style=\"width: 24px; height: 24px;\"><\/div>\n        <\/div>\n            <div class=\"kksr-star\" data-star=\"3\" style=\"padding-right: 5px\">\n            \n\n<div class=\"kksr-icon\" style=\"width: 24px; height: 24px;\"><\/div>\n        <\/div>\n            <div class=\"kksr-star\" data-star=\"4\" style=\"padding-right: 5px\">\n            \n\n<div class=\"kksr-icon\" style=\"width: 24px; height: 24px;\"><\/div>\n        <\/div>\n            <div class=\"kksr-star\" data-star=\"5\" style=\"padding-right: 5px\">\n            \n\n<div class=\"kksr-icon\" style=\"width: 24px; height: 24px;\"><\/div>\n        <\/div>\n    <\/div>\n    \n<div class=\"kksr-stars-active\" style=\"width: 142.5px;\">\n            <div class=\"kksr-star\" style=\"padding-right: 5px\">\n            \n\n<div class=\"kksr-icon\" style=\"width: 24px; height: 24px;\"><\/div>\n        <\/div>\n            <div class=\"kksr-star\" style=\"padding-right: 5px\">\n            \n\n<div class=\"kksr-icon\" style=\"width: 24px; height: 24px;\"><\/div>\n        <\/div>\n            <div class=\"kksr-star\" style=\"padding-right: 5px\">\n            \n\n<div class=\"kksr-icon\" style=\"width: 24px; height: 24px;\"><\/div>\n        <\/div>\n            <div class=\"kksr-star\" style=\"padding-right: 5px\">\n            \n\n<div class=\"kksr-icon\" style=\"width: 24px; height: 24px;\"><\/div>\n        <\/div>\n            <div class=\"kksr-star\" style=\"padding-right: 5px\">\n            \n\n<div class=\"kksr-icon\" style=\"width: 24px; height: 24px;\"><\/div>\n        <\/div>\n    <\/div>\n<\/div>\n                \n\n<div class=\"kksr-legend\" style=\"font-size: 19.2px;\">\n            5\/5 - (1 voto)    <\/div>\n    <\/div>\n","protected":false},"excerpt":{"rendered":"<p>Seu sucesso tamb\u00e9m depende do seu marketing pessoal. Sem um bom marketing pessoal, vco\u00ea levar\u00e1 mais tempo para conquistar seus objetivos. Separamos nesse artigo, 10 dicas essenciais para que voc\u00ea possa lapidar essa caracter\u00edsticas e alavancar seus resultados. Confere o post e comente o que achou.<\/p>\n","protected":false},"author":19,"featured_media":355,"comment_status":"open","ping_status":"closed","sticky":false,"template":"","format":"standard","meta":{"_acf_changed":false,"inline_featured_image":false,"footnotes":""},"categories":[85],"tags":[520],"class_list":{"0":"post-354","1":"post","2":"type-post","3":"status-publish","4":"format-standard","5":"has-post-thumbnail","7":"category-gestao-empresarial","8":"tag-desenvolvimento-pessoal"},"acf":[],"ls_data":{"_yoast_wpseo_title":"O que \u00e9 marketing pessoal? 10 dicas para se destacar \u2705","_yoast_wpseo_metadesc":"Entenda o que \u00e9 marketing digital, qual a sua import\u00e2ncia e como fazer. Tudo com exemplos f\u00e1ceis de compreender. Saiba mais no artigo!","_yoast_wpseo_meta-robots-noindex":"","_yoast_wpseo_meta-robots-nofollow":"","_aioseo_title":"","_aioseo_description":"","rank_math_title":"Marketing pessoal: o que \u00e9 e principais dicas para aplicar","rank_math_description":"Perfil de lideran\u00e7a, proatividade, resolutividade e mais: entenda o que \u00e9 o marketing pessoal e 10 dicas para implement\u00e1-lo na sua carreira!"},"_links":{"self":[{"href":"https:\/\/frons.com.br\/blog\/wp-json\/wp\/v2\/posts\/354","targetHints":{"allow":["GET"]}}],"collection":[{"href":"https:\/\/frons.com.br\/blog\/wp-json\/wp\/v2\/posts"}],"about":[{"href":"https:\/\/frons.com.br\/blog\/wp-json\/wp\/v2\/types\/post"}],"author":[{"embeddable":true,"href":"https:\/\/frons.com.br\/blog\/wp-json\/wp\/v2\/users\/19"}],"replies":[{"embeddable":true,"href":"https:\/\/frons.com.br\/blog\/wp-json\/wp\/v2\/comments?post=354"}],"version-history":[{"count":9,"href":"https:\/\/frons.com.br\/blog\/wp-json\/wp\/v2\/posts\/354\/revisions"}],"predecessor-version":[{"id":12129,"href":"https:\/\/frons.com.br\/blog\/wp-json\/wp\/v2\/posts\/354\/revisions\/12129"}],"wp:featuredmedia":[{"embeddable":true,"href":"https:\/\/frons.com.br\/blog\/wp-json\/wp\/v2\/media\/355"}],"wp:attachment":[{"href":"https:\/\/frons.com.br\/blog\/wp-json\/wp\/v2\/media?parent=354"}],"wp:term":[{"taxonomy":"category","embeddable":true,"href":"https:\/\/frons.com.br\/blog\/wp-json\/wp\/v2\/categories?post=354"},{"taxonomy":"post_tag","embeddable":true,"href":"https:\/\/frons.com.br\/blog\/wp-json\/wp\/v2\/tags?post=354"}],"curies":[{"name":"wp","href":"https:\/\/api.w.org\/{rel}","templated":true}]}}