{"id":7647,"date":"2023-05-10T16:21:00","date_gmt":"2023-05-10T19:21:00","guid":{"rendered":"https:\/\/frons.com.br\/blog\/?p=7647"},"modified":"2025-03-19T16:57:10","modified_gmt":"2025-03-19T19:57:10","slug":"tomada-de-decisao","status":"publish","type":"post","link":"https:\/\/frons.com.br\/blog\/processos\/tomada-de-decisao\/","title":{"rendered":"Tomada de decis\u00e3o: o que \u00e9, como construir e quais os impactos"},"content":{"rendered":"\n<p>Voc\u00ea saberia dizer quais s\u00e3o alguns dos principais aspectos relacionados \u00e0 caracteriza\u00e7\u00e3o de l\u00edderes e gestores? Dentre os pontos imaginados, certamente haver\u00e1 um lugar para o apontamento da responsabilidade diante de uma tomada de decis\u00e3o. Afinal, esse \u00e9 o tipo de estrat\u00e9gia com alta capacidade de transforma\u00e7\u00f5es e impulcionamento de neg\u00f3cios.<\/p>\n\n\n\n<p>E para garantir uma elabora\u00e7\u00e3o assertiva, \u00e9 necess\u00e1rio considerar os aspectos que deseja alcan\u00e7ar, os diferentes interesses entre os demais colaboradores, as expectativas dos consumidores e poss\u00edveis vantagens e preju\u00edzos diretamente atrelados a cada a\u00e7\u00e3o.<\/p>\n\n\n\n<p>Mas, como conseguir uma estrutura\u00e7\u00e3o bem fundamentada? Quais prepara\u00e7\u00f5es e forma\u00e7\u00f5es podem capacit\u00e1-lo nessa tarefa e quais os impactos desse investimento na entrega de resultados e aperfei\u00e7oamento da sua defini\u00e7\u00e3o? \u00c9 o que veremos a seguir, em um guia completo sobre o tema. Continue a leitura e acompanhe!<\/p>\n\n\n\n<div id=\"ez-toc-container\" class=\"ez-toc-v2_0_82_2 counter-hierarchy ez-toc-counter ez-toc-grey ez-toc-container-direction\">\n<div class=\"ez-toc-title-container\">\n<span class=\"ez-toc-title\" style=\"cursor:inherit\">\u00cdndice<\/span>\n<span class=\"ez-toc-title-toggle\"><a href=\"#\" class=\"ez-toc-pull-right ez-toc-btn ez-toc-btn-xs ez-toc-btn-default ez-toc-toggle\" aria-label=\"Alternar tabela de conte\u00fado\"><span class=\"ez-toc-js-icon-con\"><span class=\"\"><span class=\"eztoc-hide\" style=\"display:none;\">Toggle<\/span><span class=\"ez-toc-icon-toggle-span\"><svg style=\"fill: #999;color:#999\" xmlns=\"http:\/\/www.w3.org\/2000\/svg\" class=\"list-377408\" width=\"20px\" height=\"20px\" viewBox=\"0 0 24 24\" fill=\"none\"><path d=\"M6 6H4v2h2V6zm14 0H8v2h12V6zM4 11h2v2H4v-2zm16 0H8v2h12v-2zM4 16h2v2H4v-2zm16 0H8v2h12v-2z\" fill=\"currentColor\"><\/path><\/svg><svg style=\"fill: #999;color:#999\" class=\"arrow-unsorted-368013\" xmlns=\"http:\/\/www.w3.org\/2000\/svg\" width=\"10px\" height=\"10px\" viewBox=\"0 0 24 24\" version=\"1.2\" baseProfile=\"tiny\"><path d=\"M18.2 9.3l-6.2-6.3-6.2 6.3c-.2.2-.3.4-.3.7s.1.5.3.7c.2.2.4.3.7.3h11c.3 0 .5-.1.7-.3.2-.2.3-.5.3-.7s-.1-.5-.3-.7zM5.8 14.7l6.2 6.3 6.2-6.3c.2-.2.3-.5.3-.7s-.1-.5-.3-.7c-.2-.2-.4-.3-.7-.3h-11c-.3 0-.5.1-.7.3-.2.2-.3.5-.3.7s.1.5.3.7z\"\/><\/svg><\/span><\/span><\/span><\/a><\/span><\/div>\n<nav><ul class='ez-toc-list ez-toc-list-level-1 ' ><li class='ez-toc-page-1 ez-toc-heading-level-2'><a class=\"ez-toc-link ez-toc-heading-1\" href=\"#\" data-href=\"https:\/\/frons.com.br\/blog\/processos\/tomada-de-decisao\/#O_que_e_tomada_de_decisao\" >O que \u00e9 tomada de decis\u00e3o?<\/a><\/li><li class='ez-toc-page-1 ez-toc-heading-level-2'><a class=\"ez-toc-link ez-toc-heading-2\" href=\"#\" data-href=\"https:\/\/frons.com.br\/blog\/processos\/tomada-de-decisao\/#Como_qualificar_a_tomada_de_decisao\" >Como qualificar a tomada de decis\u00e3o?<\/a><ul class='ez-toc-list-level-3' ><li class='ez-toc-heading-level-3'><a class=\"ez-toc-link ez-toc-heading-3\" href=\"#\" data-href=\"https:\/\/frons.com.br\/blog\/processos\/tomada-de-decisao\/#1_Invista_no_aperfeicoamento_da_sua_gestao\" >1. Invista no aperfei\u00e7oamento da sua gest\u00e3o<\/a><\/li><li class='ez-toc-page-1 ez-toc-heading-level-3'><a class=\"ez-toc-link ez-toc-heading-4\" href=\"#\" data-href=\"https:\/\/frons.com.br\/blog\/processos\/tomada-de-decisao\/#2_Saiba_analisar_dados\" >2. Saiba analisar dados<\/a><\/li><li class='ez-toc-page-1 ez-toc-heading-level-3'><a class=\"ez-toc-link ez-toc-heading-5\" href=\"#\" data-href=\"https:\/\/frons.com.br\/blog\/processos\/tomada-de-decisao\/#3_Mantenha_uma_boa_organizacao_das_informacoes\" >3. Mantenha uma boa organiza\u00e7\u00e3o das informa\u00e7\u00f5es<\/a><\/li><\/ul><\/li><li class='ez-toc-page-1 ez-toc-heading-level-2'><a class=\"ez-toc-link ez-toc-heading-6\" href=\"#\" data-href=\"https:\/\/frons.com.br\/blog\/processos\/tomada-de-decisao\/#Quais_sao_os_tipos_de_tomada_de_decisao\" >Quais s\u00e3o os tipos de tomada de decis\u00e3o?<\/a><ul class='ez-toc-list-level-3' ><li class='ez-toc-heading-level-3'><a class=\"ez-toc-link ez-toc-heading-7\" href=\"#\" data-href=\"https:\/\/frons.com.br\/blog\/processos\/tomada-de-decisao\/#1_Intuitiva\" >1. Intuitiva<\/a><\/li><li class='ez-toc-page-1 ez-toc-heading-level-3'><a class=\"ez-toc-link ez-toc-heading-8\" href=\"#\" data-href=\"https:\/\/frons.com.br\/blog\/processos\/tomada-de-decisao\/#2_Baseada_em_valores\" >2. Baseada em valores<\/a><\/li><li class='ez-toc-page-1 ez-toc-heading-level-3'><a class=\"ez-toc-link ez-toc-heading-9\" href=\"#\" data-href=\"https:\/\/frons.com.br\/blog\/processos\/tomada-de-decisao\/#3_Racional\" >3. Racional<\/a><\/li><li class='ez-toc-page-1 ez-toc-heading-level-3'><a class=\"ez-toc-link ez-toc-heading-10\" href=\"#\" data-href=\"https:\/\/frons.com.br\/blog\/processos\/tomada-de-decisao\/#4_Colaborativa\" >4. Colaborativa<\/a><\/li><li class='ez-toc-page-1 ez-toc-heading-level-3'><a class=\"ez-toc-link ez-toc-heading-11\" href=\"#\" data-href=\"https:\/\/frons.com.br\/blog\/processos\/tomada-de-decisao\/#5_Especializada\" >5. Especializada<\/a><\/li><\/ul><\/li><li class='ez-toc-page-1 ez-toc-heading-level-2'><a class=\"ez-toc-link ez-toc-heading-12\" href=\"#\" data-href=\"https:\/\/frons.com.br\/blog\/processos\/tomada-de-decisao\/#3_passos_para_uma_decisao_assertiva_no_ambiente_de_negocios\" >3 passos para uma decis\u00e3o assertiva no ambiente de neg\u00f3cios<\/a><ul class='ez-toc-list-level-3' ><li class='ez-toc-heading-level-3'><a class=\"ez-toc-link ez-toc-heading-13\" href=\"#\" data-href=\"https:\/\/frons.com.br\/blog\/processos\/tomada-de-decisao\/#1_Reconheca_a_necessidade_ou_problema_a_ser_sanado\" >1. Reconhe\u00e7a a necessidade ou problema a ser sanado<\/a><\/li><li class='ez-toc-page-1 ez-toc-heading-level-3'><a class=\"ez-toc-link ez-toc-heading-14\" href=\"#\" data-href=\"https:\/\/frons.com.br\/blog\/processos\/tomada-de-decisao\/#2_Calcule_os_pontos_positivos_e_negativos\" >2. Calcule os pontos positivos e negativos<\/a><\/li><li class='ez-toc-page-1 ez-toc-heading-level-3'><a class=\"ez-toc-link ez-toc-heading-15\" href=\"#\" data-href=\"https:\/\/frons.com.br\/blog\/processos\/tomada-de-decisao\/#3_Execute_as_acoes_e_monitore_os_retornos\" >3. Execute as a\u00e7\u00f5es e monitore os retornos<\/a><\/li><\/ul><\/li><\/ul><\/nav><\/div>\n<h2 class=\"wp-block-heading\"><span class=\"ez-toc-section\" id=\"O_que_e_tomada_de_decisao\"><\/span>O que \u00e9 tomada de decis\u00e3o?<span class=\"ez-toc-section-end\"><\/span><\/h2>\n\n\n\n<p>A tomada de decis\u00e3o diz respeito a uma a\u00e7\u00e3o que envolve a elabora\u00e7\u00e3o de uma senten\u00e7a ou direcionamento a respeito de algum aspecto relevante. No cen\u00e1rio corporativo, est\u00e1 relacionada a uma escolha estrat\u00e9gica e fortalecida, que tem como alvo a obten\u00e7\u00e3o de determinados objetivos ou a erradica\u00e7\u00e3o de falhas e limita\u00e7\u00f5es.<\/p>\n\n\n\n<figure class=\"wp-block-image size-large\"><img decoding=\"async\" width=\"1024\" height=\"575\" src=\"https:\/\/frons.com.br\/blog\/wp-content\/uploads\/2023\/05\/o-que-e-tomada-de-decisao-1024x575.png\" alt=\"O que \u00e9 tomada de decis\u00e3o\" class=\"wp-image-10261\" srcset=\"https:\/\/frons.com.br\/blog\/wp-content\/uploads\/2023\/05\/o-que-e-tomada-de-decisao-1024x575.png 1024w, https:\/\/frons.com.br\/blog\/wp-content\/uploads\/2023\/05\/o-que-e-tomada-de-decisao-300x168.png 300w, https:\/\/frons.com.br\/blog\/wp-content\/uploads\/2023\/05\/o-que-e-tomada-de-decisao-768x431.png 768w, https:\/\/frons.com.br\/blog\/wp-content\/uploads\/2023\/05\/o-que-e-tomada-de-decisao-1536x862.png 1536w, https:\/\/frons.com.br\/blog\/wp-content\/uploads\/2023\/05\/o-que-e-tomada-de-decisao-150x84.png 150w\" sizes=\"(max-width: 1024px) 100vw, 1024px\" \/><\/figure>\n\n\n\n<p>Por conta da import\u00e2ncia, fica geralmente sob responsabilidade dos gestores, que buscam aplic\u00e1-la ap\u00f3s uma <a href=\"https:\/\/frons.com.br\/blog\/engenharia\/analise-de-risco-em-projetos\/\" target=\"_blank\" rel=\"noreferrer noopener\">an\u00e1lise de riscos <\/a>e estudo minucioso e detalhado sobre as consequ\u00eancias de cada uma das alternativas contempladas.<\/p>\n\n\n\n<p>Esse processo decis\u00f3rio <strong>consegue produzir resultados de impacto de sucesso<\/strong> e pode levar um neg\u00f3cio \u00e0 obten\u00e7\u00e3o de destaque no mercado e de relev\u00e2ncia perante os demais competidores. Mas o inverso tamb\u00e9m \u00e9 v\u00e1lido, j\u00e1 que a\u00e7\u00f5es pouco elaboradas e empobrecidas podem prejudicar processos e projetos internos, atingindo de forma significativa a empresa.<\/p>\n\n\n\n<p>Assim, \u00e9 essencial que voc\u00ea, gestor, a elabore com o cuidado e aten\u00e7\u00e3o necess\u00e1rios, construindo um repert\u00f3rio amplo de avalia\u00e7\u00e3o e pavimentando um percurso altamente produtivo.<\/p>\n\n\n\n<h2 class=\"wp-block-heading\"><span class=\"ez-toc-section\" id=\"Como_qualificar_a_tomada_de_decisao\"><\/span>Como qualificar a tomada de decis\u00e3o?<span class=\"ez-toc-section-end\"><\/span><\/h2>\n\n\n\n<p>A compreens\u00e3o da magnitude e import\u00e2ncia dessa execu\u00e7\u00e3o pode fazer com que voc\u00ea se questione sobre de que maneira assegurar e considerar esse julgamento, diminuindo as chances de resultados imprevis\u00edveis ou prejudiciais \u00e0 organiza\u00e7\u00e3o. Nesse sentido, listamos algumas orienta\u00e7\u00f5es indispens\u00e1veis para a obten\u00e7\u00e3o de seguran\u00e7a e assertividade na tomada de decis\u00e3o:<\/p>\n\n\n\n<h3 class=\"wp-block-heading\"><span class=\"ez-toc-section\" id=\"1_Invista_no_aperfeicoamento_da_sua_gestao\"><\/span>1. Invista no aperfei\u00e7oamento da sua gest\u00e3o<span class=\"ez-toc-section-end\"><\/span><\/h3>\n\n\n\n<p>A aposta no aprimoramento cont\u00ednuo \u00e9 uma posi\u00e7\u00e3o obrigat\u00f3ria para qualquer profissional, mas recebe contornos ainda mais significativos quando falamos de algu\u00e9m que ocupa o cargo de gest\u00e3o. Afinal, cabe a voc\u00ea, gestor, ter um direcionamento amplo, integral e especializado sobre os demais colaboradores e projetos, aplicando escolhas produtivas.<\/p>\n\n\n\n<blockquote class=\"wp-block-quote is-layout-flow wp-block-quote-is-layout-flow\">\n<p>Recorra a treinamentos espec\u00edficos da \u00e1rea e busque uma <a href=\"https:\/\/frons.com.br\/treinamentos\/\" target=\"_blank\" rel=\"noopener\">forma\u00e7\u00e3o completa em gerenciamentos<\/a>, aptid\u00f5es e desenvolvimento de <em>soft<\/em> e <em>hard skills<\/em>, <strong>conhecendo metodologias, ferramentas de apoio, de coleta de dados<\/strong> e de administra\u00e7\u00e3o de metas e resultados.<\/p>\n<\/blockquote>\n\n\n\n<h3 class=\"wp-block-heading\"><span class=\"ez-toc-section\" id=\"2_Saiba_analisar_dados\"><\/span>2. Saiba analisar dados<span class=\"ez-toc-section-end\"><\/span><\/h3>\n\n\n\n<p>A avalia\u00e7\u00e3o precisa dos cen\u00e1rios, perspectivas e informa\u00e7\u00f5es possibilita um completo entendimento das tend\u00eancias, mudan\u00e7as, <em>gaps<\/em> e oportunidades de crescimento e transforma\u00e7\u00e3o para os processos. Dessa maneira, voc\u00ea se torna capaz de tra\u00e7ar <a href=\"https:\/\/frons.com.br\/blog\/gestao-empresarial\/plano-de-acao\/\" target=\"_blank\" rel=\"noopener\">planos de a\u00e7\u00e3o<\/a> objetivos, pavimentando execu\u00e7\u00f5es tomadas a curto e longo prazo.<\/p>\n\n\n\n<h3 class=\"wp-block-heading\"><span class=\"ez-toc-section\" id=\"3_Mantenha_uma_boa_organizacao_das_informacoes\"><\/span>3. Mantenha uma boa organiza\u00e7\u00e3o das informa\u00e7\u00f5es<span class=\"ez-toc-section-end\"><\/span><\/h3>\n\n\n\n<p>Uma das maiores consequ\u00eancias de manter uma organiza\u00e7\u00e3o interna \u00e9 a delimita\u00e7\u00e3o de etapas bem definidas no neg\u00f3cio, por meio de desempenhos otimizados. Quando essa padroniza\u00e7\u00e3o e acompanhamento ocorrem, \u00e9 f\u00e1cil perceber a <strong>fluidez e efici\u00eancia dos processos<\/strong>, identificando as necessidades e demandas sobre as quais ser\u00e1 necess\u00e1rio elaborar novos encaminhamentos e decis\u00f5es.<\/p>\n\n\n\n<figure class=\"wp-block-image size-large\"><img decoding=\"async\" width=\"1024\" height=\"575\" src=\"https:\/\/frons.com.br\/blog\/wp-content\/uploads\/2023\/05\/como-qualificar-a-tomada-de-decisao-1024x575.png\" alt=\"Como qualificar a tomada de decis\u00e3o\" class=\"wp-image-10260\" srcset=\"https:\/\/frons.com.br\/blog\/wp-content\/uploads\/2023\/05\/como-qualificar-a-tomada-de-decisao-1024x575.png 1024w, https:\/\/frons.com.br\/blog\/wp-content\/uploads\/2023\/05\/como-qualificar-a-tomada-de-decisao-300x168.png 300w, https:\/\/frons.com.br\/blog\/wp-content\/uploads\/2023\/05\/como-qualificar-a-tomada-de-decisao-768x431.png 768w, https:\/\/frons.com.br\/blog\/wp-content\/uploads\/2023\/05\/como-qualificar-a-tomada-de-decisao-150x84.png 150w, https:\/\/frons.com.br\/blog\/wp-content\/uploads\/2023\/05\/como-qualificar-a-tomada-de-decisao.png 1155w\" sizes=\"(max-width: 1024px) 100vw, 1024px\" \/><\/figure>\n\n\n\n<h2 class=\"wp-block-heading\"><span class=\"ez-toc-section\" id=\"Quais_sao_os_tipos_de_tomada_de_decisao\"><\/span>Quais s\u00e3o os tipos de tomada de decis\u00e3o?<span class=\"ez-toc-section-end\"><\/span><\/h2>\n\n\n\n<p>Elencamos as 5 principais varia\u00e7\u00f5es e caracteriza\u00e7\u00f5es poss\u00edveis para essa escolha:<\/p>\n\n\n\n<h3 class=\"wp-block-heading\"><span class=\"ez-toc-section\" id=\"1_Intuitiva\"><\/span>1. Intuitiva<span class=\"ez-toc-section-end\"><\/span><\/h3>\n\n\n\n<p>\u00c9 poss\u00edvel que voc\u00ea j\u00e1 tenha cometido alguma a\u00e7\u00e3o no calor do momento, sem avaliar com calma os principais fatores e quest\u00f5es envolvidos, certo? E, como consequ\u00eancia, provavelmente se viu diante de resultados altamente inst\u00e1veis e pouco colaborativos.<\/p>\n\n\n\n<p>Se esse tipo de din\u00e2mica j\u00e1 \u00e9 prejudicial e pouco indicada para a nossa vida pessoal, imagine o impacto que ela pode causar em um neg\u00f3cio. Portanto, apesar de ainda conseguirmos identific\u00e1-la em muitos profissionais, certamente n\u00e3o \u00e9 a indicada para qualificar uma tomada de decis\u00e3o, j\u00e1 que trar\u00e1 graves consequ\u00eancias \u00e0 rotina e futuro dos colaboradores e projetos.<\/p>\n\n\n\n<h3 class=\"wp-block-heading\"><span class=\"ez-toc-section\" id=\"2_Baseada_em_valores\"><\/span>2. Baseada em valores<span class=\"ez-toc-section-end\"><\/span><\/h3>\n\n\n\n<p>Essa movimenta\u00e7\u00e3o se ancora em valores morais de um profissional e \u00e9 constru\u00edda com base nas experi\u00eancias e cren\u00e7as pessoais e observadas. E, ainda que seja um pouco mais s\u00f3lida que a intuitiva \u2014 por conta de sua fundamenta\u00e7\u00e3o em exemplos e viv\u00eancias percebidas, \u00e9 preciso ter cautela.<\/p>\n\n\n\n<p>Ao construir uma cultura organizacional pautada em uma moral \u00fanica, a gest\u00e3o e lideran\u00e7a desenvolvidas n\u00e3o se abrir\u00e3o a novas vis\u00f5es e panoramas, entregando um <strong>repert\u00f3rio empobrecido e com pouca capacidade de especializa\u00e7\u00e3o <\/strong>e crescimento.<\/p>\n\n\n\n<h3 class=\"wp-block-heading\"><span class=\"ez-toc-section\" id=\"3_Racional\"><\/span>3. Racional<span class=\"ez-toc-section-end\"><\/span><\/h3>\n\n\n\n<p>Uma tomada de decis\u00e3o racional pondera diversos fatores l\u00f3gicos e comprova\u00e7\u00f5es apresentadas para chegar \u00e0 melhor escolha e, por conta dessa postura, produz resultados impactantes e positivamente significativos.<\/p>\n\n\n\n<p>Imagine, por exemplo, que tenha identificado a car\u00eancia pela ado\u00e7\u00e3o de um sistema de gest\u00e3o. Ent\u00e3o, antes de contratar, analisa as op\u00e7\u00f5es dispon\u00edveis no mercado, compara as solu\u00e7\u00f5es, analisa o or\u00e7amento dispon\u00edvel para o gasto com esse setor e somente ap\u00f3s essa pondera\u00e7\u00e3o efetua de fato a aquisi\u00e7\u00e3o.<\/p>\n\n\n\n<h3 class=\"wp-block-heading\"><span class=\"ez-toc-section\" id=\"4_Colaborativa\"><\/span>4. Colaborativa<span class=\"ez-toc-section-end\"><\/span><\/h3>\n\n\n\n<p>Como o nome j\u00e1 adianta, a metodologia colaborativa avalia diversos panoramas e pontos de vista entre os demais colaboradores e respons\u00e1veis, e n\u00e3o apenas de seus l\u00edderes. \u00c9 uma escolha bastante interessante para organiza\u00e7\u00f5es, j\u00e1 que, apesar de direcionar a palavra final ao gestor, considera opini\u00f5es e <em>insights<\/em> dos demais, auxiliando em uma estrat\u00e9gia completa.<\/p>\n\n\n\n<h3 class=\"wp-block-heading\"><span class=\"ez-toc-section\" id=\"5_Especializada\"><\/span>5. Especializada<span class=\"ez-toc-section-end\"><\/span><\/h3>\n\n\n\n<p>A delibera\u00e7\u00e3o especializada \u00e9 feita com base nos apontamentos e estudos de especialistas do tema levantado. Isso porque, muitas vezes, o assunto ultrapassa o campo de conhecimento dos gestores, que passam a contar com esse apoio. Portanto, para que a melhor atitude seja colocada em pr\u00e1tica, um<strong> profissional com maior experi\u00eancia auxilia<\/strong> na visualiza\u00e7\u00e3o do caminho a ser seguir.<\/p>\n\n\n\n<h2 class=\"wp-block-heading\"><span class=\"ez-toc-section\" id=\"3_passos_para_uma_decisao_assertiva_no_ambiente_de_negocios\"><\/span>3 passos para uma decis\u00e3o assertiva no ambiente de neg\u00f3cios<span class=\"ez-toc-section-end\"><\/span><\/h2>\n\n\n\n<p>Agora que voc\u00ea entende como se aperfei\u00e7oar e quais as possibilidades colocadas frente a uma nova a\u00e7\u00e3o, precisa conferir o passo a passo completo para ajud\u00e1-lo a colocar essas orienta\u00e7\u00f5es em pr\u00e1tica. Conhe\u00e7a:<\/p>\n\n\n\n<h3 class=\"wp-block-heading\"><span class=\"ez-toc-section\" id=\"1_Reconheca_a_necessidade_ou_problema_a_ser_sanado\"><\/span>1. Reconhe\u00e7a a necessidade ou problema a ser sanado<span class=\"ez-toc-section-end\"><\/span><\/h3>\n\n\n\n<p>A demanda pode surgir a partir de um problema ou de uma a\u00e7\u00e3o estrat\u00e9gica, como a de otimiza\u00e7\u00e3o do desempenho de produ\u00e7\u00e3o, de instala\u00e7\u00e3o de novo setor ou at\u00e9 mesmo para a testagem de equipamentos e dispositivos. Mas, independentemente da raz\u00e3o, o primeiro passo a ser tomado \u00e9 o de identificar esses sintomas, causas e resultados esperados para a sele\u00e7\u00e3o da escolha apropriada.<\/p>\n\n\n\n<h3 class=\"wp-block-heading\"><span class=\"ez-toc-section\" id=\"2_Calcule_os_pontos_positivos_e_negativos\"><\/span>2. Calcule os pontos positivos e negativos<span class=\"ez-toc-section-end\"><\/span><\/h3>\n\n\n\n<p>Hora de analisar com calma as alternativas poss\u00edveis. Mas, mais do que isso: voc\u00ea deve observar o que j\u00e1 tem sido aplicado com rela\u00e7\u00e3o ao tema dentro da organiza\u00e7\u00e3o, visualizando aquilo que deu certo ou n\u00e3o e detalhando poss\u00edveis consequ\u00eancias e impactos da transforma\u00e7\u00e3o.<\/p>\n\n\n\n<h3 class=\"wp-block-heading\"><span class=\"ez-toc-section\" id=\"3_Execute_as_acoes_e_monitore_os_retornos\"><\/span>3. Execute as a\u00e7\u00f5es e monitore os retornos<span class=\"ez-toc-section-end\"><\/span><\/h3>\n\n\n\n<p>Ap\u00f3s essas etapas, voc\u00ea tem as ferramentas suficientes para optar pela melhor decis\u00e3o. Entretanto, mesmo diante de todo o planejamento, n\u00e3o esque\u00e7a de monitorar e acompanhar as consequ\u00eancias dessas escolhas. Caso algo n\u00e3o saia como o esperado, fa\u00e7a uma nova an\u00e1lise e os devidos ajustes no processo.<\/p>\n\n\n\n<figure class=\"wp-block-image size-large\"><img decoding=\"async\" width=\"1024\" height=\"575\" src=\"https:\/\/frons.com.br\/blog\/wp-content\/uploads\/2023\/05\/3-passos-para-uma-decisao-assertiva-1024x575.png\" alt=\"3 passos para tomar um decis\u00e3o assertiva\" class=\"wp-image-10258\" srcset=\"https:\/\/frons.com.br\/blog\/wp-content\/uploads\/2023\/05\/3-passos-para-uma-decisao-assertiva-1024x575.png 1024w, https:\/\/frons.com.br\/blog\/wp-content\/uploads\/2023\/05\/3-passos-para-uma-decisao-assertiva-300x168.png 300w, https:\/\/frons.com.br\/blog\/wp-content\/uploads\/2023\/05\/3-passos-para-uma-decisao-assertiva-768x431.png 768w, https:\/\/frons.com.br\/blog\/wp-content\/uploads\/2023\/05\/3-passos-para-uma-decisao-assertiva-150x84.png 150w, https:\/\/frons.com.br\/blog\/wp-content\/uploads\/2023\/05\/3-passos-para-uma-decisao-assertiva.png 1155w\" sizes=\"(max-width: 1024px) 100vw, 1024px\" \/><\/figure>\n\n\n\n<p>Trouxemos um panorama sobre o que \u00e9 a tomada de decis\u00e3o e o quanto ela \u00e9 <strong>essencial para a expans\u00e3o e o amadurecimento<\/strong> de uma organiza\u00e7\u00e3o. E, assim como toda realiza\u00e7\u00e3o, est\u00e1 pass\u00edvel de enfrentar riscos e d\u00favidas.<\/p>\n\n\n\n<p>No entanto, essa inseguran\u00e7a pode ser minimizada ao construir e qualificar a sua forma\u00e7\u00e3o e o andamento dos processos, com o aux\u00edlio de indicadores precisos e assertivos e de treinamentos espec\u00edficos.<\/p>\n\n\n\n<p>Agora, que tal aproveitar para ir al\u00e9m dessa compreens\u00e3o? Aproveite e confira nosso conte\u00fado especial no blog sobre como se tornar um bom gestor.<\/p>\n\n\n\n<p>Nos vemos no pr\u00f3ximo post!<\/p>\n\n\n\n<figure class=\"wp-block-image size-large\"><a href=\"https:\/\/lp.frons.com.br\/gestao-de-alta-performance\/?utm_source=org&amp;utm_medium=blog&amp;utm_content=tomada-de-decisao&amp;utm_campaign=fgap&amp;utm_term=banner-blog\"><img decoding=\"async\" width=\"1024\" height=\"293\" src=\"https:\/\/frons.com.br\/blog\/wp-content\/uploads\/2023\/05\/banner-gestao-de-alta-performance-3-1024x293.png\" alt=\"banner de divulga\u00e7\u00e3o para a forma\u00e7\u00e3o gest\u00e3o de alta performance\" class=\"wp-image-10259\" srcset=\"https:\/\/frons.com.br\/blog\/wp-content\/uploads\/2023\/05\/banner-gestao-de-alta-performance-3-1024x293.png 1024w, https:\/\/frons.com.br\/blog\/wp-content\/uploads\/2023\/05\/banner-gestao-de-alta-performance-3-300x86.png 300w, https:\/\/frons.com.br\/blog\/wp-content\/uploads\/2023\/05\/banner-gestao-de-alta-performance-3-768x220.png 768w, https:\/\/frons.com.br\/blog\/wp-content\/uploads\/2023\/05\/banner-gestao-de-alta-performance-3-1536x439.png 1536w, https:\/\/frons.com.br\/blog\/wp-content\/uploads\/2023\/05\/banner-gestao-de-alta-performance-3-150x43.png 150w\" sizes=\"(max-width: 1024px) 100vw, 1024px\" \/><\/a><\/figure>\n\n\n<div class=\"kk-star-ratings kksr-auto kksr-align-left kksr-valign-bottom\"\n    data-payload='{&quot;align&quot;:&quot;left&quot;,&quot;id&quot;:&quot;7647&quot;,&quot;slug&quot;:&quot;default&quot;,&quot;valign&quot;:&quot;bottom&quot;,&quot;ignore&quot;:&quot;&quot;,&quot;reference&quot;:&quot;auto&quot;,&quot;class&quot;:&quot;&quot;,&quot;count&quot;:&quot;1&quot;,&quot;legendonly&quot;:&quot;&quot;,&quot;readonly&quot;:&quot;&quot;,&quot;score&quot;:&quot;5&quot;,&quot;starsonly&quot;:&quot;&quot;,&quot;best&quot;:&quot;5&quot;,&quot;gap&quot;:&quot;5&quot;,&quot;greet&quot;:&quot;Avalie esse post&quot;,&quot;legend&quot;:&quot;5\\\/5 - (1 voto)&quot;,&quot;size&quot;:&quot;24&quot;,&quot;title&quot;:&quot;Tomada de decis\u00e3o: o que \u00e9, como construir e quais os impactos&quot;,&quot;width&quot;:&quot;142.5&quot;,&quot;_legend&quot;:&quot;{score}\\\/{best} - ({count} {votes})&quot;,&quot;font_factor&quot;:&quot;1.25&quot;}'>\n            \n<div class=\"kksr-stars\">\n    \n<div class=\"kksr-stars-inactive\">\n            <div class=\"kksr-star\" data-star=\"1\" style=\"padding-right: 5px\">\n            \n\n<div class=\"kksr-icon\" style=\"width: 24px; height: 24px;\"><\/div>\n        <\/div>\n            <div class=\"kksr-star\" data-star=\"2\" style=\"padding-right: 5px\">\n            \n\n<div class=\"kksr-icon\" style=\"width: 24px; height: 24px;\"><\/div>\n        <\/div>\n            <div class=\"kksr-star\" data-star=\"3\" style=\"padding-right: 5px\">\n            \n\n<div class=\"kksr-icon\" style=\"width: 24px; height: 24px;\"><\/div>\n        <\/div>\n            <div class=\"kksr-star\" data-star=\"4\" style=\"padding-right: 5px\">\n            \n\n<div class=\"kksr-icon\" style=\"width: 24px; height: 24px;\"><\/div>\n        <\/div>\n            <div class=\"kksr-star\" data-star=\"5\" style=\"padding-right: 5px\">\n            \n\n<div class=\"kksr-icon\" style=\"width: 24px; height: 24px;\"><\/div>\n        <\/div>\n    <\/div>\n    \n<div class=\"kksr-stars-active\" style=\"width: 142.5px;\">\n            <div class=\"kksr-star\" style=\"padding-right: 5px\">\n            \n\n<div class=\"kksr-icon\" style=\"width: 24px; height: 24px;\"><\/div>\n        <\/div>\n            <div class=\"kksr-star\" style=\"padding-right: 5px\">\n            \n\n<div class=\"kksr-icon\" style=\"width: 24px; height: 24px;\"><\/div>\n        <\/div>\n            <div class=\"kksr-star\" style=\"padding-right: 5px\">\n            \n\n<div class=\"kksr-icon\" style=\"width: 24px; height: 24px;\"><\/div>\n        <\/div>\n            <div class=\"kksr-star\" style=\"padding-right: 5px\">\n            \n\n<div class=\"kksr-icon\" style=\"width: 24px; height: 24px;\"><\/div>\n        <\/div>\n            <div class=\"kksr-star\" style=\"padding-right: 5px\">\n            \n\n<div class=\"kksr-icon\" style=\"width: 24px; height: 24px;\"><\/div>\n        <\/div>\n    <\/div>\n<\/div>\n                \n\n<div class=\"kksr-legend\" style=\"font-size: 19.2px;\">\n            5\/5 - (1 voto)    <\/div>\n    <\/div>\n","protected":false},"excerpt":{"rendered":"<p>Voc\u00ea saberia dizer quais s\u00e3o alguns dos principais aspectos relacionados \u00e0 caracteriza\u00e7\u00e3o de l\u00edderes e gestores? Dentre os pontos imaginados, certamente haver\u00e1 um lugar para o apontamento da responsabilidade diante de uma tomada de decis\u00e3o. Afinal, esse \u00e9 o tipo de estrat\u00e9gia com alta capacidade de transforma\u00e7\u00f5es e impulcionamento de neg\u00f3cios. E para garantir uma<\/p>\n","protected":false},"author":19,"featured_media":10262,"comment_status":"open","ping_status":"closed","sticky":false,"template":"","format":"standard","meta":{"_acf_changed":false,"inline_featured_image":false,"footnotes":""},"categories":[84],"tags":[215],"class_list":{"0":"post-7647","1":"post","2":"type-post","3":"status-publish","4":"format-standard","5":"has-post-thumbnail","7":"category-processos","8":"tag-gestao-da-qualidade"},"acf":[],"ls_data":{"_yoast_wpseo_title":"Tomada de decis\u00e3o: entenda sua import\u00e2ncia para um neg\u00f3cio","_yoast_wpseo_metadesc":"A tomada de decis\u00e3o \u00e9 uma a\u00e7\u00e3o importante para o seu neg\u00f3cio. Algumas ideias podem te ajudar nesse processo de forma mais segura. Saiba mais!","_yoast_wpseo_meta-robots-noindex":"","_yoast_wpseo_meta-robots-nofollow":"","_aioseo_title":"Tomada de decis\u00e3o: entenda sua import\u00e2ncia para um neg\u00f3cio","_aioseo_description":"A tomada de decis\u00e3o \u00e9 uma a\u00e7\u00e3o importante para o seu neg\u00f3cio. Algumas ideias podem te ajudar nesse processo de forma mais segura. Saiba mais!","rank_math_title":"Tomada de decis\u00e3o: entenda mais sobre sua import\u00e2ncia","rank_math_description":"A tomada de decis\u00e3o \u00e9 um momento crucial para qualquer neg\u00f3cio. Entenda mais sobre ela e de que forma qualific\u00e1-la no blog da Frons!"},"_links":{"self":[{"href":"https:\/\/frons.com.br\/blog\/wp-json\/wp\/v2\/posts\/7647","targetHints":{"allow":["GET"]}}],"collection":[{"href":"https:\/\/frons.com.br\/blog\/wp-json\/wp\/v2\/posts"}],"about":[{"href":"https:\/\/frons.com.br\/blog\/wp-json\/wp\/v2\/types\/post"}],"author":[{"embeddable":true,"href":"https:\/\/frons.com.br\/blog\/wp-json\/wp\/v2\/users\/19"}],"replies":[{"embeddable":true,"href":"https:\/\/frons.com.br\/blog\/wp-json\/wp\/v2\/comments?post=7647"}],"version-history":[{"count":5,"href":"https:\/\/frons.com.br\/blog\/wp-json\/wp\/v2\/posts\/7647\/revisions"}],"predecessor-version":[{"id":10850,"href":"https:\/\/frons.com.br\/blog\/wp-json\/wp\/v2\/posts\/7647\/revisions\/10850"}],"wp:featuredmedia":[{"embeddable":true,"href":"https:\/\/frons.com.br\/blog\/wp-json\/wp\/v2\/media\/10262"}],"wp:attachment":[{"href":"https:\/\/frons.com.br\/blog\/wp-json\/wp\/v2\/media?parent=7647"}],"wp:term":[{"taxonomy":"category","embeddable":true,"href":"https:\/\/frons.com.br\/blog\/wp-json\/wp\/v2\/categories?post=7647"},{"taxonomy":"post_tag","embeddable":true,"href":"https:\/\/frons.com.br\/blog\/wp-json\/wp\/v2\/tags?post=7647"}],"curies":[{"name":"wp","href":"https:\/\/api.w.org\/{rel}","templated":true}]}}